{"id":196081,"date":"2026-01-18T12:18:33","date_gmt":"2026-01-18T18:18:33","guid":{"rendered":"https:\/\/www.buroperiodistico.com.mx\/?p=196081"},"modified":"2026-01-18T12:18:33","modified_gmt":"2026-01-18T18:18:33","slug":"habilito-gobierno-de-reynosa-albergue-temporal-en-el-polideportivo","status":"publish","type":"post","link":"https:\/\/www.buroperiodistico.com.mx\/?p=196081","title":{"rendered":"Habilit\u00f3 Gobierno de Reynosa Albergue Temporal en el Polideportivo"},"content":{"rendered":"<p><em><strong>Reynosa, Tam (18-Enero-2026).-<\/strong><\/em> El Gobierno del Alcalde Carlos Pe\u00f1a Ortiz habilit\u00f3 el Albergue Temporal en el Polideportivo Reynosa, ubicado en la carretera a Matamoros, colonia La Escondida, para brindar protecci\u00f3n a personas vulnerables debido a las bajas temperaturas registradas desde esta madrugada.<\/p>\n<p>El Albergue cuenta con:<br \/>\n&#8211; Colchonetas y cobijas de invierno para un descanso seguro.<br \/>\n&#8211; Param\u00e9dicos para atenci\u00f3n m\u00e9dica.<br \/>\n&#8211; Servicio de alimentos para satisfacer necesidades b\u00e1sicas.<br \/>\n&#8211; Kits de higiene personal para cada persona en particular.<\/p>\n<p>El Presidente Municipal hace un llamado a la ciudadan\u00eda a proteger a las personas vulnerables, ni\u00f1os y adultos mayores, as\u00ed como a las mascotas, y les pide que no duden en llamar a los tel\u00e9fonos 8999550010, 8999550011 o al N\u00famero de Emergencia 911.<\/p>\n<p>#ReynosaImparable #GobiernoMunicipalDeReynosa<\/p>\n<p><img loading=\"lazy\" decoding=\"async\" class=\"aligncenter  wp-image-196082\" src=\"https:\/\/www.buroperiodistico.com.mx\/wp-content\/uploads\/2026\/01\/Albergux.jpg\" alt=\"\" width=\"981\" height=\"530\" srcset=\"https:\/\/www.buroperiodistico.com.mx\/wp-content\/uploads\/2026\/01\/Albergux.jpg 1110w, https:\/\/www.buroperiodistico.com.mx\/wp-content\/uploads\/2026\/01\/Albergux-300x162.jpg 300w, https:\/\/www.buroperiodistico.com.mx\/wp-content\/uploads\/2026\/01\/Albergux-1024x554.jpg 1024w, https:\/\/www.buroperiodistico.com.mx\/wp-content\/uploads\/2026\/01\/Albergux-768x415.jpg 768w\" sizes=\"auto, (max-width: 981px) 100vw, 981px\" \/><\/p>\n","protected":false},"excerpt":{"rendered":"<p>Reynosa, Tam (18-Enero-2026).- El Gobierno del Alcalde Carlos Pe\u00f1a Ortiz habilit\u00f3 el Albergue Temporal en&#8230;<\/p>\n","protected":false},"author":1,"featured_media":196082,"comment_status":"closed","ping_status":"closed","sticky":false,"template":"","format":"standard","meta":{"footnotes":"","jetpack_publicize_message":"","jetpack_publicize_feature_enabled":true,"jetpack_social_post_already_shared":true,"jetpack_social_options":{"image_generator_settings":{"template":"highway","default_image_id":0,"font":"","enabled":false},"version":2}},"categories":[9],"tags":[],"class_list":["post-196081","post","type-post","status-publish","format-standard","has-post-thumbnail","hentry","category-reynosa"],"jetpack_publicize_connections":[],"_links":{"self":[{"href":"https:\/\/www.buroperiodistico.com.mx\/index.php?rest_route=\/wp\/v2\/posts\/196081","targetHints":{"allow":["GET"]}}],"collection":[{"href":"https:\/\/www.buroperiodistico.com.mx\/index.php?rest_route=\/wp\/v2\/posts"}],"about":[{"href":"https:\/\/www.buroperiodistico.com.mx\/index.php?rest_route=\/wp\/v2\/types\/post"}],"author":[{"embeddable":true,"href":"https:\/\/www.buroperiodistico.com.mx\/index.php?rest_route=\/wp\/v2\/users\/1"}],"replies":[{"embeddable":true,"href":"https:\/\/www.buroperiodistico.com.mx\/index.php?rest_route=%2Fwp%2Fv2%2Fcomments&post=196081"}],"version-history":[{"count":1,"href":"https:\/\/www.buroperiodistico.com.mx\/index.php?rest_route=\/wp\/v2\/posts\/196081\/revisions"}],"predecessor-version":[{"id":196083,"href":"https:\/\/www.buroperiodistico.com.mx\/index.php?rest_route=\/wp\/v2\/posts\/196081\/revisions\/196083"}],"wp:featuredmedia":[{"embeddable":true,"href":"https:\/\/www.buroperiodistico.com.mx\/index.php?rest_route=\/wp\/v2\/media\/196082"}],"wp:attachment":[{"href":"https:\/\/www.buroperiodistico.com.mx\/index.php?rest_route=%2Fwp%2Fv2%2Fmedia&parent=196081"}],"wp:term":[{"taxonomy":"category","embeddable":true,"href":"https:\/\/www.buroperiodistico.com.mx\/index.php?rest_route=%2Fwp%2Fv2%2Fcategories&post=196081"},{"taxonomy":"post_tag","embeddable":true,"href":"https:\/\/www.buroperiodistico.com.mx\/index.php?rest_route=%2Fwp%2Fv2%2Ftags&post=196081"}],"curies":[{"name":"wp","href":"https:\/\/api.w.org\/{rel}","templated":true}]}}