{"id":196076,"date":"2026-01-18T00:01:15","date_gmt":"2026-01-18T06:01:15","guid":{"rendered":"https:\/\/www.buroperiodistico.com.mx\/?p=196076"},"modified":"2026-01-18T00:01:15","modified_gmt":"2026-01-18T06:01:15","slug":"agenda-fronteriza-por-humberto-gutierrez-678","status":"publish","type":"post","link":"https:\/\/www.buroperiodistico.com.mx\/?p=196076","title":{"rendered":"AGENDA FRONTERIZA\/ POR HUMBERTO GUTI\u00c9RREZ"},"content":{"rendered":"<p style=\"text-align: center;\"><em><strong>DIOS BENDICE A NUEVO LAREDO<\/strong><\/em><\/p>\n<p><em><strong>(17-Enero-2026).-<\/strong><\/em> El Jefe del Ejecutivo del Estado de Tamaulipas AMERICO VILLARREAL ANAYA impuls\u00f3 la reforma a la Ley del Instituto de Previsi\u00f3n y Seguridad Social y fue aprobada por el Congreso.<\/p>\n<p>La mencionada reforma fue consensuada tomando en cuenta a los trabajadores del servicio p\u00fablico y del magisterio.<\/p>\n<p>Acompa\u00f1ado por la secretaria general del SUTSET BLANCA VALLES RODR\u00cdGUEZ y por ARNULFO RODR\u00cdGUEZ TREVI\u00d1O, dirigente de la Secci\u00f3n 30 del SNTE, el jefe del ejecutivo estatal dijo que la reforma cuenta con la participaci\u00f3n de las organizaciones sindicales y que fue concebido como una medida preventiva.<\/p>\n<p>Establece la reforma, la ampliaci\u00f3n de los conceptos de cotizaci\u00f3n, como la despensa o adquisici\u00f3n de v\u00edveres, quinquenio, compensaci\u00f3n o gratificaci\u00f3n, as\u00ed como la aportaci\u00f3n del gobierno, a quien corresponde el mayor impacto presupuestal, ya que adem\u00e1s de aportar un incremento sobre las mismas prestaciones, aportar\u00e1 adicionalmente sobre el aguinaldo que reciben los trabajadores.<\/p>\n<p>As\u00ed que no se vale los comentarios de mala leche que hagan los partidos pol\u00edticos de este tema, porque las partes interesadas est\u00e1n de acuerdo.<\/p>\n<p>En otros temas, la Universidad de Seguridad y Justicia de Tamaulipas, apertura la inscripci\u00f3n a sus dos maestr\u00edas en l\u00ednea: la primera en Criminolog\u00eda y Justicia Penal, y la segunda en Desarrollo de Pol\u00edticas P\u00fablicas en Materia de Seguridad.<\/p>\n<p>Estos programas est\u00e1n dirigidos a profesionistas interesados en especializarse en \u00e1reas estrat\u00e9gicas para la prevenci\u00f3n e investigaci\u00f3n del delito y procuraci\u00f3n de justicia.<\/p>\n<p>El inicio de clases ser\u00e1 el 7 de febrero y estar\u00e1n impartidos por personal acad\u00e9mico, expertos y funcionarios p\u00fablicos del m\u00e1s alto nivel.<\/p>\n<p>La Universidad estatal goza de prestigio acad\u00e9mico siendo que en corto tiempo sus egresados todos, al 100% tienen trabajo.<\/p>\n<p>Sucedi\u00f3 en Nuevo Laredo que vive un momento hist\u00f3rico con la ceremonia de ordenaci\u00f3n episcopal de Monse\u00f1or Luis Carlos LERMA MART\u00cdNEZ, un acontecimiento nunca visto que reuni\u00f3 a 30 obispos de diferentes partes del pa\u00eds.<\/p>\n<p>En este evento que representa la Bendici\u00f3n a Nuevo Laredo, asisti\u00f3 la primera autoridad del municipio, CARMEN LILIA CANTUROSAS que refrend\u00f3 el compromiso de su gobierno con la pluralidad y el respeto a las creencias religiosas.<\/p>\n<p>La ceremonia se llev\u00f3 a cabo en la Catedral del Esp\u00edritu Santo, donde se congregaron cientos de familias, l\u00edderes religiosos cat\u00f3licos y fieles provenientes de distintos puntos del pa\u00eds, en un encuentro sin precedentes que cont\u00f3 con la distinguida presencia de Monse\u00f1or JOSEPH SPITERI, nuncio apost\u00f3lico de M\u00e9xico, representante del Vaticano en el pa\u00eds.<\/p>\n<p>La alcaldesa destac\u00f3 la trascendencia del momento que vive la di\u00f3cesis y el impacto positivo que tiene para la vida p\u00fablica y social de la ciudad, subrayando el respeto institucional del gobierno municipal hacia todas las creencias y expresiones de fe.<\/p>\n<p>\u201cUsted llega hoy para convertirse en el cuarto Obispo de la Di\u00f3cesis de Nuevo Laredo, y lo hace en una etapa de gran optimismo y renovaci\u00f3n, donde su presencia viene a fortalecer el esp\u00edritu de unidad que tanto nos distingue como comunidad.<\/p>\n<p>La fe es, sin duda, un motor poderoso que mueve voluntades y transforma realidades. En el gobierno municipal que me honro en encabezar, estamos convencidos de que la promoci\u00f3n de los valores, el respeto, la solidaridad y la paz, son el camino m\u00e1s s\u00f3lido para construir la sociedad que todos anhelamos\u201d.<\/p>\n<p>La jefa del Cabildo refrend\u00f3 la disposici\u00f3n del gobierno de Nuevo Laredo para mantener una relaci\u00f3n de colaboraci\u00f3n institucional con todas las organizaciones religiosas, siempre en un marco de respeto, pluralidad y di\u00e1logo, orientado al bienestar colectivo.<\/p>\n<p>En noticias de mi Alma Mater, ya es un hecho que la UAT crear\u00e1 la UAT el Instituto de Inteligencia Artificial donde busca fomentar el uso \u00e9tico de la IA entre universitarios y posicionarse como una instituci\u00f3n pionera en Tamaulipas, que cuente con un marco regulatorio que oriente la utilizaci\u00f3n de esta tecnolog\u00eda en las funciones sustantivas de la casa de estudios.<\/p>\n<p>El rector de la Universidad Aut\u00f3noma de Tamaulipas (UAT), D\u00c1MASO ANAYA ALVARADO, encabez\u00f3 la aprobaci\u00f3n y firma del Manifiesto Institucional para el Uso \u00c9tico de la Inteligencia Artificial, que orientar\u00e1 el uso de esta tecnolog\u00eda en la docencia, el aprendizaje, la investigaci\u00f3n, la divulgaci\u00f3n y creaci\u00f3n de conocimiento, as\u00ed como en los procesos de gesti\u00f3n administrativa y escolar de la instituci\u00f3n.<\/p>\n<p>Subray\u00f3 que la Universidad asume una visi\u00f3n clara al reafirmar que la IA se trata de un medio y no de un fin, una herramienta para potenciar el aprendizaje, la investigaci\u00f3n, la creaci\u00f3n y el servicio social, sin sustituir la capacidad humana ni comprometer la calidad acad\u00e9mica.<\/p>\n<p>Con el inicio de 2026, el alcalde de Reynosa, CARLOS PE\u00d1A ORTIZ inici\u00f3 su programa de obra m\u00e1s grande de la historia del municipio con la propuesta de una obra por cada d\u00eda.<\/p>\n<p>El gobierno municipal de Reynosa alert\u00f3 del frente frio con posibilidad de lluvia.<\/p>\n<p>En la ciudad capital, el gobierno de Victoria, que preside el alcalde, LALO GATT\u00c1S, galardon\u00f3 a ocho atletas en la ceremonia del Premio Municipal del Deporte y reconoci\u00f3 como Deportista del A\u00f1o 2025 a Gabriel \u00abLa Flecha\u00bb Avil\u00e9s por la conquista de seis medallas de oro en campeonatos nacionales e internacionales de para-atletismo.<\/p>\n<p>AGENDA FRONTERIZA es una colaboraci\u00f3n de temas relacionados con el desarrollo econ\u00f3mico del estado de Tamaulipas y sus municipios. Se distribuye a trav\u00e9s de la Agencia Informaci\u00f3n y An\u00e1lisis Estad\u00edstico.<\/p>\n<p>MI CORREO : humbertografico@yahoo.com.mx<\/p>\n","protected":false},"excerpt":{"rendered":"<p>DIOS BENDICE A NUEVO LAREDO (17-Enero-2026).- El Jefe del Ejecutivo del Estado de Tamaulipas AMERICO&#8230;<\/p>\n","protected":false},"author":1,"featured_media":149410,"comment_status":"closed","ping_status":"closed","sticky":false,"template":"","format":"standard","meta":{"footnotes":"","jetpack_publicize_message":"","jetpack_publicize_feature_enabled":true,"jetpack_social_post_already_shared":true,"jetpack_social_options":{"image_generator_settings":{"template":"highway","default_image_id":0,"font":"","enabled":false},"version":2}},"categories":[23],"tags":[],"class_list":["post-196076","post","type-post","status-publish","format-standard","has-post-thumbnail","hentry","category-columnas"],"jetpack_publicize_connections":[],"_links":{"self":[{"href":"https:\/\/www.buroperiodistico.com.mx\/index.php?rest_route=\/wp\/v2\/posts\/196076","targetHints":{"allow":["GET"]}}],"collection":[{"href":"https:\/\/www.buroperiodistico.com.mx\/index.php?rest_route=\/wp\/v2\/posts"}],"about":[{"href":"https:\/\/www.buroperiodistico.com.mx\/index.php?rest_route=\/wp\/v2\/types\/post"}],"author":[{"embeddable":true,"href":"https:\/\/www.buroperiodistico.com.mx\/index.php?rest_route=\/wp\/v2\/users\/1"}],"replies":[{"embeddable":true,"href":"https:\/\/www.buroperiodistico.com.mx\/index.php?rest_route=%2Fwp%2Fv2%2Fcomments&post=196076"}],"version-history":[{"count":1,"href":"https:\/\/www.buroperiodistico.com.mx\/index.php?rest_route=\/wp\/v2\/posts\/196076\/revisions"}],"predecessor-version":[{"id":196077,"href":"https:\/\/www.buroperiodistico.com.mx\/index.php?rest_route=\/wp\/v2\/posts\/196076\/revisions\/196077"}],"wp:featuredmedia":[{"embeddable":true,"href":"https:\/\/www.buroperiodistico.com.mx\/index.php?rest_route=\/wp\/v2\/media\/149410"}],"wp:attachment":[{"href":"https:\/\/www.buroperiodistico.com.mx\/index.php?rest_route=%2Fwp%2Fv2%2Fmedia&parent=196076"}],"wp:term":[{"taxonomy":"category","embeddable":true,"href":"https:\/\/www.buroperiodistico.com.mx\/index.php?rest_route=%2Fwp%2Fv2%2Fcategories&post=196076"},{"taxonomy":"post_tag","embeddable":true,"href":"https:\/\/www.buroperiodistico.com.mx\/index.php?rest_route=%2Fwp%2Fv2%2Ftags&post=196076"}],"curies":[{"name":"wp","href":"https:\/\/api.w.org\/{rel}","templated":true}]}}