{"id":196072,"date":"2026-01-17T20:23:25","date_gmt":"2026-01-18T02:23:25","guid":{"rendered":"https:\/\/www.buroperiodistico.com.mx\/?p=196072"},"modified":"2026-01-17T20:23:25","modified_gmt":"2026-01-18T02:23:25","slug":"motiva-infraestructura-escolar-a-ninos-y-ninas-de-reynosa-director-de-escuela-primaria","status":"publish","type":"post","link":"https:\/\/www.buroperiodistico.com.mx\/?p=196072","title":{"rendered":"\u00abMotiva infraestructura escolar a ni\u00f1os y ni\u00f1as de Reynosa\u00bb, Director de escuela primaria"},"content":{"rendered":"<p><em><strong><img loading=\"lazy\" decoding=\"async\" class=\" wp-image-196074 alignright\" src=\"https:\/\/www.buroperiodistico.com.mx\/wp-content\/uploads\/2026\/01\/Inaux.jpeg\" alt=\"\" width=\"474\" height=\"287\" srcset=\"https:\/\/www.buroperiodistico.com.mx\/wp-content\/uploads\/2026\/01\/Inaux.jpeg 1024w, https:\/\/www.buroperiodistico.com.mx\/wp-content\/uploads\/2026\/01\/Inaux-300x182.jpeg 300w, https:\/\/www.buroperiodistico.com.mx\/wp-content\/uploads\/2026\/01\/Inaux-768x465.jpeg 768w\" sizes=\"auto, (max-width: 474px) 100vw, 474px\" \/>Reynosa, Tam (17-Enero-2026).-<\/strong><\/em> \u00abLas condiciones clim\u00e1ticas de nuestra regi\u00f3n representan un reto constante que limitaba el uso de nuestras \u00e1reas comunes, hoy gracias a su gesti\u00f3n y apoyo a la educaci\u00f3n, se\u00f1or Presidente Municipal, contamos con una infraestructura moderna\u00bb, declar\u00f3 el Profesor Javier Abdiel Valdivieso Salazar.<\/p>\n<p>El Director de la escuela primaria Mariano Abasolo, acompa\u00f1ado por alumnos, padres de familia y Maestros reconoci\u00f3 el beneficio que la nueva techumbre entregada por el Alcalde Carlos Pe\u00f1a Ortiz, \u00abla construcci\u00f3n de esta techumbre es una inversi\u00f3n en la salud, el desarrollo f\u00edsico, y la motivaci\u00f3n de cientos de ni\u00f1os y ni\u00f1as que hoy ven un cambio positivo en su entorno escolar\u00bb.<\/p>\n<p>\u00abEsta obra se\u00f1or Presidente, es un claro ejemplo de cuando existe voluntad pol\u00edtica y compromiso social los resultados llegan directamente a quienes m\u00e1s lo necesitan\u00bb, a\u00f1adi\u00f3 y ofreci\u00f3 a nombre de la comunidad escolar las puertas de la instituci\u00f3n siempre abiertas.<\/p>\n<p>#ReynosaImparable<br \/>\n#GobiernoMunicipalDeReynosa<\/p>\n<p><img loading=\"lazy\" decoding=\"async\" class=\"aligncenter size-full wp-image-196073\" src=\"https:\/\/www.buroperiodistico.com.mx\/wp-content\/uploads\/2026\/01\/Inaux-I.jpeg\" alt=\"\" width=\"640\" height=\"427\" srcset=\"https:\/\/www.buroperiodistico.com.mx\/wp-content\/uploads\/2026\/01\/Inaux-I.jpeg 640w, https:\/\/www.buroperiodistico.com.mx\/wp-content\/uploads\/2026\/01\/Inaux-I-300x200.jpeg 300w\" sizes=\"auto, (max-width: 640px) 100vw, 640px\" \/><\/p>\n","protected":false},"excerpt":{"rendered":"<p>Reynosa, Tam (17-Enero-2026).- \u00abLas condiciones clim\u00e1ticas de nuestra regi\u00f3n representan un reto constante que limitaba&#8230;<\/p>\n","protected":false},"author":1,"featured_media":196074,"comment_status":"closed","ping_status":"closed","sticky":false,"template":"","format":"standard","meta":{"footnotes":"","jetpack_publicize_message":"","jetpack_publicize_feature_enabled":true,"jetpack_social_post_already_shared":true,"jetpack_social_options":{"image_generator_settings":{"template":"highway","default_image_id":0,"font":"","enabled":false},"version":2}},"categories":[25,9],"tags":[],"class_list":["post-196072","post","type-post","status-publish","format-standard","has-post-thumbnail","hentry","category-portada","category-reynosa"],"jetpack_publicize_connections":[],"_links":{"self":[{"href":"https:\/\/www.buroperiodistico.com.mx\/index.php?rest_route=\/wp\/v2\/posts\/196072","targetHints":{"allow":["GET"]}}],"collection":[{"href":"https:\/\/www.buroperiodistico.com.mx\/index.php?rest_route=\/wp\/v2\/posts"}],"about":[{"href":"https:\/\/www.buroperiodistico.com.mx\/index.php?rest_route=\/wp\/v2\/types\/post"}],"author":[{"embeddable":true,"href":"https:\/\/www.buroperiodistico.com.mx\/index.php?rest_route=\/wp\/v2\/users\/1"}],"replies":[{"embeddable":true,"href":"https:\/\/www.buroperiodistico.com.mx\/index.php?rest_route=%2Fwp%2Fv2%2Fcomments&post=196072"}],"version-history":[{"count":1,"href":"https:\/\/www.buroperiodistico.com.mx\/index.php?rest_route=\/wp\/v2\/posts\/196072\/revisions"}],"predecessor-version":[{"id":196075,"href":"https:\/\/www.buroperiodistico.com.mx\/index.php?rest_route=\/wp\/v2\/posts\/196072\/revisions\/196075"}],"wp:featuredmedia":[{"embeddable":true,"href":"https:\/\/www.buroperiodistico.com.mx\/index.php?rest_route=\/wp\/v2\/media\/196074"}],"wp:attachment":[{"href":"https:\/\/www.buroperiodistico.com.mx\/index.php?rest_route=%2Fwp%2Fv2%2Fmedia&parent=196072"}],"wp:term":[{"taxonomy":"category","embeddable":true,"href":"https:\/\/www.buroperiodistico.com.mx\/index.php?rest_route=%2Fwp%2Fv2%2Fcategories&post=196072"},{"taxonomy":"post_tag","embeddable":true,"href":"https:\/\/www.buroperiodistico.com.mx\/index.php?rest_route=%2Fwp%2Fv2%2Ftags&post=196072"}],"curies":[{"name":"wp","href":"https:\/\/api.w.org\/{rel}","templated":true}]}}