{"id":196064,"date":"2026-01-17T19:51:01","date_gmt":"2026-01-18T01:51:01","guid":{"rendered":"https:\/\/www.buroperiodistico.com.mx\/?p=196064"},"modified":"2026-01-17T19:51:01","modified_gmt":"2026-01-18T01:51:01","slug":"invita-gobierno-municipal-al-tradicional-festival-del-tamal-en-nuevo-laredo","status":"publish","type":"post","link":"https:\/\/www.buroperiodistico.com.mx\/?p=196064","title":{"rendered":"INVITA GOBIERNO MUNICIPAL AL TRADICIONAL FESTIVAL DEL TAMAL EN NUEVO LAREDO"},"content":{"rendered":"<p dir=\"ltr\"><em><strong><img loading=\"lazy\" decoding=\"async\" class=\" wp-image-196066 alignright\" src=\"https:\/\/www.buroperiodistico.com.mx\/wp-content\/uploads\/2026\/01\/TAMAL-FEST.jpg\" alt=\"\" width=\"424\" height=\"261\" srcset=\"https:\/\/www.buroperiodistico.com.mx\/wp-content\/uploads\/2026\/01\/TAMAL-FEST.jpg 1024w, https:\/\/www.buroperiodistico.com.mx\/wp-content\/uploads\/2026\/01\/TAMAL-FEST-300x185.jpg 300w, https:\/\/www.buroperiodistico.com.mx\/wp-content\/uploads\/2026\/01\/TAMAL-FEST-768x473.jpg 768w\" sizes=\"auto, (max-width: 424px) 100vw, 424px\" \/>Nuevo Laredo, Tam (17-Enero-2026).-<\/strong><\/em> Con una amplia oferta gastron\u00f3mica, actividades culturales y un ambiente familiar, el Gobierno Municipal de Nuevo Laredo, a trav\u00e9s de la Direcci\u00f3n de Turismo, invita a la ciudadan\u00eda a asistir al tradicional Festival del Tamal, que se realizar\u00e1 el pr\u00f3ximo 31 de enero, de 5:00 de la tarde a 10:00 de la noche, en la Explanada Independencia, en el \u00e1rea de la Plaza Hidalgo, a un costado del Palacio Federal.<\/p>\n<p dir=\"ltr\">El director de Turismo de Nuevo Laredo, Alfredo Guarneros, inform\u00f3 que en los pr\u00f3ximos d\u00edas se publicar\u00e1 la convocatoria oficial para participar en este evento, la cual estar\u00e1 abierta a 25 expositores, entre restaurantes establecidos y peque\u00f1os comercios locales.<\/p>\n<p dir=\"ltr\">Destac\u00f3 que la inscripci\u00f3n ser\u00e1 completamente gratuita y que el festival se realizar\u00e1 en el marco de las festividades del D\u00eda de la Candelaria, lo que permitir\u00e1 una mayor afluencia de visitantes y compradores.<\/p>\n<p dir=\"ltr\">\u201cEste festival tiene dos grandes objetivos: promover nuestras tradiciones y nuestra cultura gastron\u00f3mica, y al mismo tiempo apoyar el desarrollo econ\u00f3mico de la ciudad, brindando un espacio para que los negocios locales puedan vender sus productos y fortalecer su econom\u00eda\u201d, expres\u00f3 Guarneros.<\/p>\n<p dir=\"ltr\">Como parte de las novedades de esta edici\u00f3n, el funcionario explic\u00f3 que el concurso de tamales se realizar\u00e1 bajo una sola categor\u00eda general, dejando atr\u00e1s la divisi\u00f3n por estilos regionales, con el fin de hacerlo m\u00e1s din\u00e1mico e incluyente.<\/p>\n<p dir=\"ltr\">La ciudadan\u00eda podr\u00e1 degustar y adquirir tamales de cualquiera de los participantes y, mediante un sistema de votaci\u00f3n digital con c\u00f3digos QR, elegir al tamal que considere m\u00e1s sabroso. Al emitir su voto, los asistentes participar\u00e1n autom\u00e1ticamente en la rifa de 40 docenas de tamales, distribuidas entre varios ganadores.<\/p>\n<p dir=\"ltr\">\u201cQueremos que la gente se divierta, que participe y que viva una experiencia diferente. Con su celular podr\u00e1n votar por su tamal favorito y adem\u00e1s entrar a una rifa; ser\u00e1 un evento muy din\u00e1mico y familiar\u201d, a\u00f1adi\u00f3 el director de Turismo.<\/p>\n<p dir=\"ltr\">El festival contar\u00e1 adem\u00e1s con el apoyo del Instituto Municipal para el Desarrollo Cultural, con la presentaci\u00f3n de n\u00fameros art\u00edsticos, m\u00fasica en vivo y ambiente festivo.<\/p>\n<p dir=\"ltr\">Se tendr\u00e1 una participaci\u00f3n especial de estudiantes que impartir\u00e1n un taller gratuito sobre la elaboraci\u00f3n de tamales, con el prop\u00f3sito de fomentar esta tradici\u00f3n entre las nuevas generaciones.<\/p>\n<p dir=\"ltr\">La convocatoria ser\u00e1 difundida a trav\u00e9s de las redes sociales oficiales de la presidenta municipal Carmen Lilia Canturosas, de la Direcci\u00f3n de Turismo y de las plataformas de comunicaci\u00f3n del Gobierno Municipal.<\/p>\n<p dir=\"ltr\">Finalmente, Guarneros extendi\u00f3 la invitaci\u00f3n tanto a la ciudadan\u00eda local como a visitantes del Valle de Texas, a disfrutar de este evento que celebra la identidad, el sabor y la convivencia familiar en Nuevo Laredo.<\/p>\n<p dir=\"ltr\"><img loading=\"lazy\" decoding=\"async\" class=\"aligncenter size-full wp-image-196065\" src=\"https:\/\/www.buroperiodistico.com.mx\/wp-content\/uploads\/2026\/01\/TAMAL-FEST-I.jpg\" alt=\"\" width=\"640\" height=\"427\" srcset=\"https:\/\/www.buroperiodistico.com.mx\/wp-content\/uploads\/2026\/01\/TAMAL-FEST-I.jpg 640w, https:\/\/www.buroperiodistico.com.mx\/wp-content\/uploads\/2026\/01\/TAMAL-FEST-I-300x200.jpg 300w\" sizes=\"auto, (max-width: 640px) 100vw, 640px\" \/><\/p>\n","protected":false},"excerpt":{"rendered":"<p>Nuevo Laredo, Tam (17-Enero-2026).- Con una amplia oferta gastron\u00f3mica, actividades culturales y un ambiente familiar,&#8230;<\/p>\n","protected":false},"author":1,"featured_media":196066,"comment_status":"closed","ping_status":"closed","sticky":false,"template":"","format":"standard","meta":{"footnotes":"","jetpack_publicize_message":"","jetpack_publicize_feature_enabled":true,"jetpack_social_post_already_shared":true,"jetpack_social_options":{"image_generator_settings":{"template":"highway","default_image_id":0,"font":"","enabled":false},"version":2}},"categories":[16],"tags":[],"class_list":["post-196064","post","type-post","status-publish","format-standard","has-post-thumbnail","hentry","category-nuevolaredo"],"jetpack_publicize_connections":[],"_links":{"self":[{"href":"https:\/\/www.buroperiodistico.com.mx\/index.php?rest_route=\/wp\/v2\/posts\/196064","targetHints":{"allow":["GET"]}}],"collection":[{"href":"https:\/\/www.buroperiodistico.com.mx\/index.php?rest_route=\/wp\/v2\/posts"}],"about":[{"href":"https:\/\/www.buroperiodistico.com.mx\/index.php?rest_route=\/wp\/v2\/types\/post"}],"author":[{"embeddable":true,"href":"https:\/\/www.buroperiodistico.com.mx\/index.php?rest_route=\/wp\/v2\/users\/1"}],"replies":[{"embeddable":true,"href":"https:\/\/www.buroperiodistico.com.mx\/index.php?rest_route=%2Fwp%2Fv2%2Fcomments&post=196064"}],"version-history":[{"count":1,"href":"https:\/\/www.buroperiodistico.com.mx\/index.php?rest_route=\/wp\/v2\/posts\/196064\/revisions"}],"predecessor-version":[{"id":196067,"href":"https:\/\/www.buroperiodistico.com.mx\/index.php?rest_route=\/wp\/v2\/posts\/196064\/revisions\/196067"}],"wp:featuredmedia":[{"embeddable":true,"href":"https:\/\/www.buroperiodistico.com.mx\/index.php?rest_route=\/wp\/v2\/media\/196066"}],"wp:attachment":[{"href":"https:\/\/www.buroperiodistico.com.mx\/index.php?rest_route=%2Fwp%2Fv2%2Fmedia&parent=196064"}],"wp:term":[{"taxonomy":"category","embeddable":true,"href":"https:\/\/www.buroperiodistico.com.mx\/index.php?rest_route=%2Fwp%2Fv2%2Fcategories&post=196064"},{"taxonomy":"post_tag","embeddable":true,"href":"https:\/\/www.buroperiodistico.com.mx\/index.php?rest_route=%2Fwp%2Fv2%2Ftags&post=196064"}],"curies":[{"name":"wp","href":"https:\/\/api.w.org\/{rel}","templated":true}]}}