{"id":196037,"date":"2026-01-17T19:26:56","date_gmt":"2026-01-18T01:26:56","guid":{"rendered":"https:\/\/www.buroperiodistico.com.mx\/?p=196037"},"modified":"2026-01-17T19:26:56","modified_gmt":"2026-01-18T01:26:56","slug":"avanza-proceso-de-preparacion-de-la-seleccion-tamaulipas-femenil-sub-14-reciben-material-deportivo-por-parte-del-inde","status":"publish","type":"post","link":"https:\/\/www.buroperiodistico.com.mx\/?p=196037","title":{"rendered":"Avanza proceso de preparaci\u00f3n de la Selecci\u00f3n Tamaulipas Femenil Sub-14; reciben material deportivo por parte del INDE"},"content":{"rendered":"<p><em><strong><img loading=\"lazy\" decoding=\"async\" class=\" wp-image-196041 alignright\" src=\"https:\/\/www.buroperiodistico.com.mx\/wp-content\/uploads\/2026\/01\/IDEINDE.jpeg\" alt=\"\" width=\"528\" height=\"332\" srcset=\"https:\/\/www.buroperiodistico.com.mx\/wp-content\/uploads\/2026\/01\/IDEINDE.jpeg 1024w, https:\/\/www.buroperiodistico.com.mx\/wp-content\/uploads\/2026\/01\/IDEINDE-300x189.jpeg 300w, https:\/\/www.buroperiodistico.com.mx\/wp-content\/uploads\/2026\/01\/IDEINDE-768x483.jpeg 768w\" sizes=\"auto, (max-width: 528px) 100vw, 528px\" \/>Ciudad Victoria, Tamaulipas (17-Enero-2026).-<\/strong><\/em> La ma\u00f1ana de este s\u00e1bado se llev\u00f3 a cabo una nueva jornada de campamento de la Selecci\u00f3n Tamaulipas Femenil Sub-14, teniendo como sede la Unidad Deportiva Revoluci\u00f3n Verde, como parte del proceso de preparaci\u00f3n rumbo a la Olimpiada Nacional 2026.<\/p>\n<p>El combinado tamaulipeco es dirigido por Francisco Cort\u00e9s, acompa\u00f1ado por la exfutbolista profesional Dinora Garza, originaria de Reynosa, quien aporta su experiencia al desarrollo de las j\u00f3venes futbolistas.<\/p>\n<p>Durante la jornada, el director general del Instituto del Deporte de Tamaulipas (INDE), Manuel Viru\u00e9s Lozano, acudi\u00f3 a saludar a las jugadoras y al cuerpo t\u00e9cnico, adem\u00e1s de realizar la entrega de material deportivo, consistente en doce balones, bombas para inflar, silbatos y tablas de trabajo, con el objetivo de fortalecer su preparaci\u00f3n.<\/p>\n<p>En la concentraci\u00f3n participan jugadoras provenientes de diversos municipios del estado, quienes se encuentran en etapa de evaluaci\u00f3n y conformaci\u00f3n del equipo que representar\u00e1 a Tamaulipas en la fase regional.<\/p>\n<p>El campamento cuenta con el respaldo del Gobierno de Tamaulipas, por conducto del INDE, y se desarrolla tres d\u00edas a la semana, reafirmando el compromiso institucional con el impulso y desarrollo del futbol femenil en categor\u00edas formativas.<\/p>\n<p><img loading=\"lazy\" decoding=\"async\" class=\"aligncenter size-full wp-image-196038\" src=\"https:\/\/www.buroperiodistico.com.mx\/wp-content\/uploads\/2026\/01\/IDEINDE-I.jpeg\" alt=\"\" width=\"640\" height=\"426\" srcset=\"https:\/\/www.buroperiodistico.com.mx\/wp-content\/uploads\/2026\/01\/IDEINDE-I.jpeg 640w, https:\/\/www.buroperiodistico.com.mx\/wp-content\/uploads\/2026\/01\/IDEINDE-I-300x200.jpeg 300w\" sizes=\"auto, (max-width: 640px) 100vw, 640px\" \/> <img loading=\"lazy\" decoding=\"async\" class=\"aligncenter size-full wp-image-196040\" src=\"https:\/\/www.buroperiodistico.com.mx\/wp-content\/uploads\/2026\/01\/IDEINDE-III.jpeg\" alt=\"\" width=\"640\" height=\"426\" srcset=\"https:\/\/www.buroperiodistico.com.mx\/wp-content\/uploads\/2026\/01\/IDEINDE-III.jpeg 640w, https:\/\/www.buroperiodistico.com.mx\/wp-content\/uploads\/2026\/01\/IDEINDE-III-300x200.jpeg 300w\" sizes=\"auto, (max-width: 640px) 100vw, 640px\" \/> <img loading=\"lazy\" decoding=\"async\" class=\"aligncenter size-full wp-image-196039\" src=\"https:\/\/www.buroperiodistico.com.mx\/wp-content\/uploads\/2026\/01\/IDEINDE-II.jpeg\" alt=\"\" width=\"640\" height=\"426\" srcset=\"https:\/\/www.buroperiodistico.com.mx\/wp-content\/uploads\/2026\/01\/IDEINDE-II.jpeg 640w, https:\/\/www.buroperiodistico.com.mx\/wp-content\/uploads\/2026\/01\/IDEINDE-II-300x200.jpeg 300w\" sizes=\"auto, (max-width: 640px) 100vw, 640px\" \/><\/p>\n","protected":false},"excerpt":{"rendered":"<p>Ciudad Victoria, Tamaulipas (17-Enero-2026).- La ma\u00f1ana de este s\u00e1bado se llev\u00f3 a cabo una nueva&#8230;<\/p>\n","protected":false},"author":1,"featured_media":196041,"comment_status":"closed","ping_status":"closed","sticky":false,"template":"","format":"standard","meta":{"footnotes":"","jetpack_publicize_message":"","jetpack_publicize_feature_enabled":true,"jetpack_social_post_already_shared":true,"jetpack_social_options":{"image_generator_settings":{"template":"highway","default_image_id":0,"font":"","enabled":false},"version":2}},"categories":[12],"tags":[],"class_list":["post-196037","post","type-post","status-publish","format-standard","has-post-thumbnail","hentry","category-deportes"],"jetpack_publicize_connections":[],"_links":{"self":[{"href":"https:\/\/www.buroperiodistico.com.mx\/index.php?rest_route=\/wp\/v2\/posts\/196037","targetHints":{"allow":["GET"]}}],"collection":[{"href":"https:\/\/www.buroperiodistico.com.mx\/index.php?rest_route=\/wp\/v2\/posts"}],"about":[{"href":"https:\/\/www.buroperiodistico.com.mx\/index.php?rest_route=\/wp\/v2\/types\/post"}],"author":[{"embeddable":true,"href":"https:\/\/www.buroperiodistico.com.mx\/index.php?rest_route=\/wp\/v2\/users\/1"}],"replies":[{"embeddable":true,"href":"https:\/\/www.buroperiodistico.com.mx\/index.php?rest_route=%2Fwp%2Fv2%2Fcomments&post=196037"}],"version-history":[{"count":1,"href":"https:\/\/www.buroperiodistico.com.mx\/index.php?rest_route=\/wp\/v2\/posts\/196037\/revisions"}],"predecessor-version":[{"id":196042,"href":"https:\/\/www.buroperiodistico.com.mx\/index.php?rest_route=\/wp\/v2\/posts\/196037\/revisions\/196042"}],"wp:featuredmedia":[{"embeddable":true,"href":"https:\/\/www.buroperiodistico.com.mx\/index.php?rest_route=\/wp\/v2\/media\/196041"}],"wp:attachment":[{"href":"https:\/\/www.buroperiodistico.com.mx\/index.php?rest_route=%2Fwp%2Fv2%2Fmedia&parent=196037"}],"wp:term":[{"taxonomy":"category","embeddable":true,"href":"https:\/\/www.buroperiodistico.com.mx\/index.php?rest_route=%2Fwp%2Fv2%2Fcategories&post=196037"},{"taxonomy":"post_tag","embeddable":true,"href":"https:\/\/www.buroperiodistico.com.mx\/index.php?rest_route=%2Fwp%2Fv2%2Ftags&post=196037"}],"curies":[{"name":"wp","href":"https:\/\/api.w.org\/{rel}","templated":true}]}}