{"id":196032,"date":"2026-01-17T19:21:59","date_gmt":"2026-01-18T01:21:59","guid":{"rendered":"https:\/\/www.buroperiodistico.com.mx\/?p=196032"},"modified":"2026-01-17T19:21:59","modified_gmt":"2026-01-18T01:21:59","slug":"capacitacion-permanente-clave-para-prevenir-el-gbg-en-tamaulipas","status":"publish","type":"post","link":"https:\/\/www.buroperiodistico.com.mx\/?p=196032","title":{"rendered":"Capacitaci\u00f3n permanente, clave para prevenir el GBG en Tamaulipas"},"content":{"rendered":"<p><em><strong><img loading=\"lazy\" decoding=\"async\" class=\" wp-image-196035 alignright\" src=\"https:\/\/www.buroperiodistico.com.mx\/wp-content\/uploads\/2026\/01\/SRUTamaulipas-2.jpeg\" alt=\"\" width=\"494\" height=\"278\" srcset=\"https:\/\/www.buroperiodistico.com.mx\/wp-content\/uploads\/2026\/01\/SRUTamaulipas-2.jpeg 1024w, https:\/\/www.buroperiodistico.com.mx\/wp-content\/uploads\/2026\/01\/SRUTamaulipas-2-300x169.jpeg 300w, https:\/\/www.buroperiodistico.com.mx\/wp-content\/uploads\/2026\/01\/SRUTamaulipas-2-768x432.jpeg 768w\" sizes=\"auto, (max-width: 494px) 100vw, 494px\" \/>Ciudad Victoria, Tamaulipas (17-Enero-2026).-<\/strong><\/em> Con la finalidad de fortalecer de manera permanente las acciones en materia de sanidad pecuaria y proteger la productividad del sector ganadero en la entidad, la Secretar\u00eda de Desarrollo Rural, Pesca y Acuacultura del Gobierno del Estado de Tamaulipas, en coordinaci\u00f3n con el Servicio Nacional de Sanidad, Inocuidad y Calidad Agroalimentaria (SENASICA), la Secretar\u00eda de Agricultura y Desarrollo Rural (SADER) y la Uni\u00f3n Ganadera Regional de Tamaulipas (UGRT), imparti\u00f3 el curso de actualizaci\u00f3n sobre el Gusano Barrenador del Ganado (GBG).<\/p>\n<p>Por instrucci\u00f3n del secretario de Desarrollo Rural, Pesca y Acuacultura, Antonio Varela Flores, se convoc\u00f3 a t\u00e9cnicos extensionistas, personal federal adscrito a los puntos de verificaci\u00f3n, as\u00ed como a productores pecuarios, a participar en esta capacitaci\u00f3n especializada sobre el manejo y control de la mosca del gusano barrenador. Lo anterior fue dado a conocer por \u00d3scar Barr\u00f3n L\u00f3pez, en representaci\u00f3n del titular de la dependencia estatal.<\/p>\n<p>El curso fue impartido por Carlos Javier Alc\u00e1zar Ramiro, subdirector de Enlace de la Coordinaci\u00f3n de Programas de Acci\u00f3n (CPA) de SENASICA, y cont\u00f3 con la participaci\u00f3n de alrededor de 120 asistentes, entre t\u00e9cnicos, m\u00e9dicos veterinarios y productores.<\/p>\n<p>Durante la jornada de capacitaci\u00f3n se hizo un llamado a aplicar de manera inmediata los conocimientos adquiridos, reforzar la capacitaci\u00f3n directa a los productores, realizar revisiones constantes del ganado, curar oportunamente heridas y extremar medidas preventivas para evitar la proliferaci\u00f3n de la mosca del gusano barrenador.<\/p>\n<p>Asimismo, se exhort\u00f3 a los asistentes a solicitar de manera oportuna el apoyo de la Secretar\u00eda de Desarrollo Rural, de la CPA o de SENASICA, ante cualquier sospecha o detecci\u00f3n de la plaga, con el objetivo de activar de inmediato los protocolos sanitarios correspondientes.<\/p>\n<p>El objetivo principal de este curso fue fortalecer los conocimientos t\u00e9cnicos y operativos del personal especializado, para lograr una detecci\u00f3n oportuna, as\u00ed como la prevenci\u00f3n, control y erradicaci\u00f3n del Gusano Barrenador del Ganado, considerada una plaga de alto impacto en la sanidad animal y en la productividad del sector pecuario.<\/p>\n<p>Durante el evento, personal de SENASICA inform\u00f3 que en el estado de Tamaulipas se han detectado 12 casos de Gusano Barrenador del Ganado, distribuidos de la siguiente manera: Altamira, un caso; El Mante, un caso; Gonz\u00e1lez, seis casos; y Llera, cuatro casos, precisando que uno de los casos registrados en el municipio de Llera se encuentra actualmente inactivo.<\/p>\n<p>La Secretar\u00eda de Desarrollo Rural, Pesca y Acuacultura reiter\u00f3 su compromiso de continuar trabajando de manera coordinada con las instancias federales y el sector productivo para preservar el estatus sanitario del estado y salvaguardar la actividad ganadera.<\/p>\n<p>Al evento asistieron Iv\u00e1n Aguilar M\u00e1rquez, coordinador regional de la CPA; Rom\u00e1n Rigoberto Garza Infante, titular de la Oficina de Representaci\u00f3n de la SADER en Tamaulipas; Rub\u00e9n L\u00f3pez Acevedo, en representaci\u00f3n del presidente de la UGRT; Antonio Nogales Bautista, gerente del Comit\u00e9 para el Fomento y Protecci\u00f3n Pecuaria del Estado de Tamaulipas; Iv\u00e1n Mendoza Qui\u00f1ones, coordinador estatal de Salud de SENASICA; as\u00ed como t\u00e9cnicos extensionistas y m\u00e9dicos veterinarios.<\/p>\n<p><img loading=\"lazy\" decoding=\"async\" class=\"aligncenter size-full wp-image-196033\" src=\"https:\/\/www.buroperiodistico.com.mx\/wp-content\/uploads\/2026\/01\/SRUTamaulipas-I-2.jpeg\" alt=\"\" width=\"640\" height=\"360\" srcset=\"https:\/\/www.buroperiodistico.com.mx\/wp-content\/uploads\/2026\/01\/SRUTamaulipas-I-2.jpeg 640w, https:\/\/www.buroperiodistico.com.mx\/wp-content\/uploads\/2026\/01\/SRUTamaulipas-I-2-300x169.jpeg 300w\" sizes=\"auto, (max-width: 640px) 100vw, 640px\" \/> <img loading=\"lazy\" decoding=\"async\" class=\"aligncenter size-full wp-image-196034\" src=\"https:\/\/www.buroperiodistico.com.mx\/wp-content\/uploads\/2026\/01\/SRUTamaulipas-II-2.jpeg\" alt=\"\" width=\"640\" height=\"427\" srcset=\"https:\/\/www.buroperiodistico.com.mx\/wp-content\/uploads\/2026\/01\/SRUTamaulipas-II-2.jpeg 640w, https:\/\/www.buroperiodistico.com.mx\/wp-content\/uploads\/2026\/01\/SRUTamaulipas-II-2-300x200.jpeg 300w\" sizes=\"auto, (max-width: 640px) 100vw, 640px\" \/><\/p>\n","protected":false},"excerpt":{"rendered":"<p>Ciudad Victoria, Tamaulipas (17-Enero-2026).- Con la finalidad de fortalecer de manera permanente las acciones en&#8230;<\/p>\n","protected":false},"author":1,"featured_media":196035,"comment_status":"closed","ping_status":"closed","sticky":false,"template":"","format":"standard","meta":{"footnotes":"","jetpack_publicize_message":"","jetpack_publicize_feature_enabled":true,"jetpack_social_post_already_shared":true,"jetpack_social_options":{"image_generator_settings":{"template":"highway","default_image_id":0,"font":"","enabled":false},"version":2}},"categories":[10],"tags":[],"class_list":["post-196032","post","type-post","status-publish","format-standard","has-post-thumbnail","hentry","category-tamaulipas"],"jetpack_publicize_connections":[],"_links":{"self":[{"href":"https:\/\/www.buroperiodistico.com.mx\/index.php?rest_route=\/wp\/v2\/posts\/196032","targetHints":{"allow":["GET"]}}],"collection":[{"href":"https:\/\/www.buroperiodistico.com.mx\/index.php?rest_route=\/wp\/v2\/posts"}],"about":[{"href":"https:\/\/www.buroperiodistico.com.mx\/index.php?rest_route=\/wp\/v2\/types\/post"}],"author":[{"embeddable":true,"href":"https:\/\/www.buroperiodistico.com.mx\/index.php?rest_route=\/wp\/v2\/users\/1"}],"replies":[{"embeddable":true,"href":"https:\/\/www.buroperiodistico.com.mx\/index.php?rest_route=%2Fwp%2Fv2%2Fcomments&post=196032"}],"version-history":[{"count":1,"href":"https:\/\/www.buroperiodistico.com.mx\/index.php?rest_route=\/wp\/v2\/posts\/196032\/revisions"}],"predecessor-version":[{"id":196036,"href":"https:\/\/www.buroperiodistico.com.mx\/index.php?rest_route=\/wp\/v2\/posts\/196032\/revisions\/196036"}],"wp:featuredmedia":[{"embeddable":true,"href":"https:\/\/www.buroperiodistico.com.mx\/index.php?rest_route=\/wp\/v2\/media\/196035"}],"wp:attachment":[{"href":"https:\/\/www.buroperiodistico.com.mx\/index.php?rest_route=%2Fwp%2Fv2%2Fmedia&parent=196032"}],"wp:term":[{"taxonomy":"category","embeddable":true,"href":"https:\/\/www.buroperiodistico.com.mx\/index.php?rest_route=%2Fwp%2Fv2%2Fcategories&post=196032"},{"taxonomy":"post_tag","embeddable":true,"href":"https:\/\/www.buroperiodistico.com.mx\/index.php?rest_route=%2Fwp%2Fv2%2Ftags&post=196032"}],"curies":[{"name":"wp","href":"https:\/\/api.w.org\/{rel}","templated":true}]}}