{"id":196022,"date":"2026-01-17T19:12:05","date_gmt":"2026-01-18T01:12:05","guid":{"rendered":"https:\/\/www.buroperiodistico.com.mx\/?p=196022"},"modified":"2026-01-17T19:12:05","modified_gmt":"2026-01-18T01:12:05","slug":"impulsa-convenio-uttn-upalt-la-capacitacion-docente-en-alta-tecnologia","status":"publish","type":"post","link":"https:\/\/www.buroperiodistico.com.mx\/?p=196022","title":{"rendered":"Impulsa convenio UTTN\u2013UPALT la capacitaci\u00f3n docente en alta tecnolog\u00eda"},"content":{"rendered":"<p><em><strong><img loading=\"lazy\" decoding=\"async\" class=\" wp-image-196025 alignright\" src=\"https:\/\/www.buroperiodistico.com.mx\/wp-content\/uploads\/2026\/01\/UTTtecnologia.jpeg\" alt=\"\" width=\"529\" height=\"323\" srcset=\"https:\/\/www.buroperiodistico.com.mx\/wp-content\/uploads\/2026\/01\/UTTtecnologia.jpeg 1024w, https:\/\/www.buroperiodistico.com.mx\/wp-content\/uploads\/2026\/01\/UTTtecnologia-300x183.jpeg 300w, https:\/\/www.buroperiodistico.com.mx\/wp-content\/uploads\/2026\/01\/UTTtecnologia-768x469.jpeg 768w\" sizes=\"auto, (max-width: 529px) 100vw, 529px\" \/>Reynosa, Tamaulipas (17-Enero-2026).-<\/strong><\/em> Con el objetivo de fortalecer la formaci\u00f3n acad\u00e9mica y la actualizaci\u00f3n profesional del personal docente, la Universidad Tecnol\u00f3gica de Tamaulipas Norte (UTTN) y la Universidad Polit\u00e9cnica de Altamira (UPALT) formalizaron un convenio de colaboraci\u00f3n interinstitucional.<\/p>\n<p>Edgar Garza Hern\u00e1ndez, rector de la UTTN, y Ricardo Ramos S\u00e1nchez, rector de la UPALT, firmaron este acuerdo, el cual consiste en que docentes de la universidad con sede en Reynosa capaciten a maestras y maestros de la universidad ubicada en Altamira, a trav\u00e9s del diplomado en semiconductores y microelectr\u00f3nica.<\/p>\n<p>Este diplomado, con una duraci\u00f3n aproximada de 80 horas, busca impulsar la actualizaci\u00f3n tecnol\u00f3gica y fortalecer las competencias acad\u00e9micas del profesorado en \u00e1reas estrat\u00e9gicas para el desarrollo industrial y cient\u00edfico de la regi\u00f3n, indic\u00f3 Garza Hern\u00e1ndez.<\/p>\n<p>Destac\u00f3 que esta alianza abre nuevas oportunidades de profesionalizaci\u00f3n para las y los docentes de la UPALT, permitiendo que los conocimientos adquiridos se reflejen directamente en las aulas y beneficien a las y los estudiantes.<\/p>\n<p>Por su parte, el rector Ricardo Ramos S\u00e1nchez subray\u00f3 que esta colaboraci\u00f3n estrat\u00e9gica contribuir\u00e1 al fortalecimiento de la formaci\u00f3n docente y de los futuros profesionistas, quienes desempe\u00f1ar\u00e1n un papel clave en el desarrollo del entorno econ\u00f3mico y laboral del estado.<\/p>\n<p>Ambos rectores coincidieron en que la firma de este convenio de colaboraci\u00f3n refrenda el compromiso de ambas instituciones con la educaci\u00f3n de calidad y el desarrollo de talento altamente capacitado, aline\u00e1ndose con la visi\u00f3n humanista y educativa impulsada por el gobernador Am\u00e9rico Villarreal Anaya, a trav\u00e9s de la Secretar\u00eda de Educaci\u00f3n de Tamaulipas (SET), a cargo de Miguel \u00c1ngel Valdez Garc\u00eda.<\/p>\n<p>Indicaron que, para dar seguimiento y cumplimiento a los objetivos del acuerdo, fueron designados como coordinadores Ricardo Javier V\u00e1squez Serrano, director de Vinculaci\u00f3n de la UTTN, y, por parte de la UPALT, Nelly Vargas Rodr\u00edguez, directora de Planeaci\u00f3n y Desarrollo.<\/p>\n<p><img loading=\"lazy\" decoding=\"async\" class=\"aligncenter size-full wp-image-196023\" src=\"https:\/\/www.buroperiodistico.com.mx\/wp-content\/uploads\/2026\/01\/UTTtecnologia-I.jpeg\" alt=\"\" width=\"640\" height=\"426\" srcset=\"https:\/\/www.buroperiodistico.com.mx\/wp-content\/uploads\/2026\/01\/UTTtecnologia-I.jpeg 640w, https:\/\/www.buroperiodistico.com.mx\/wp-content\/uploads\/2026\/01\/UTTtecnologia-I-300x200.jpeg 300w\" sizes=\"auto, (max-width: 640px) 100vw, 640px\" \/> <img loading=\"lazy\" decoding=\"async\" class=\"aligncenter size-full wp-image-196024\" src=\"https:\/\/www.buroperiodistico.com.mx\/wp-content\/uploads\/2026\/01\/UTTtecnologia-II.jpeg\" alt=\"\" width=\"640\" height=\"426\" srcset=\"https:\/\/www.buroperiodistico.com.mx\/wp-content\/uploads\/2026\/01\/UTTtecnologia-II.jpeg 640w, https:\/\/www.buroperiodistico.com.mx\/wp-content\/uploads\/2026\/01\/UTTtecnologia-II-300x200.jpeg 300w\" sizes=\"auto, (max-width: 640px) 100vw, 640px\" \/><\/p>\n","protected":false},"excerpt":{"rendered":"<p>Reynosa, Tamaulipas (17-Enero-2026).- Con el objetivo de fortalecer la formaci\u00f3n acad\u00e9mica y la actualizaci\u00f3n profesional&#8230;<\/p>\n","protected":false},"author":1,"featured_media":196025,"comment_status":"closed","ping_status":"closed","sticky":false,"template":"","format":"standard","meta":{"footnotes":"","jetpack_publicize_message":"","jetpack_publicize_feature_enabled":true,"jetpack_social_post_already_shared":true,"jetpack_social_options":{"image_generator_settings":{"template":"highway","default_image_id":0,"font":"","enabled":false},"version":2}},"categories":[10],"tags":[],"class_list":["post-196022","post","type-post","status-publish","format-standard","has-post-thumbnail","hentry","category-tamaulipas"],"jetpack_publicize_connections":[],"_links":{"self":[{"href":"https:\/\/www.buroperiodistico.com.mx\/index.php?rest_route=\/wp\/v2\/posts\/196022","targetHints":{"allow":["GET"]}}],"collection":[{"href":"https:\/\/www.buroperiodistico.com.mx\/index.php?rest_route=\/wp\/v2\/posts"}],"about":[{"href":"https:\/\/www.buroperiodistico.com.mx\/index.php?rest_route=\/wp\/v2\/types\/post"}],"author":[{"embeddable":true,"href":"https:\/\/www.buroperiodistico.com.mx\/index.php?rest_route=\/wp\/v2\/users\/1"}],"replies":[{"embeddable":true,"href":"https:\/\/www.buroperiodistico.com.mx\/index.php?rest_route=%2Fwp%2Fv2%2Fcomments&post=196022"}],"version-history":[{"count":1,"href":"https:\/\/www.buroperiodistico.com.mx\/index.php?rest_route=\/wp\/v2\/posts\/196022\/revisions"}],"predecessor-version":[{"id":196026,"href":"https:\/\/www.buroperiodistico.com.mx\/index.php?rest_route=\/wp\/v2\/posts\/196022\/revisions\/196026"}],"wp:featuredmedia":[{"embeddable":true,"href":"https:\/\/www.buroperiodistico.com.mx\/index.php?rest_route=\/wp\/v2\/media\/196025"}],"wp:attachment":[{"href":"https:\/\/www.buroperiodistico.com.mx\/index.php?rest_route=%2Fwp%2Fv2%2Fmedia&parent=196022"}],"wp:term":[{"taxonomy":"category","embeddable":true,"href":"https:\/\/www.buroperiodistico.com.mx\/index.php?rest_route=%2Fwp%2Fv2%2Fcategories&post=196022"},{"taxonomy":"post_tag","embeddable":true,"href":"https:\/\/www.buroperiodistico.com.mx\/index.php?rest_route=%2Fwp%2Fv2%2Ftags&post=196022"}],"curies":[{"name":"wp","href":"https:\/\/api.w.org\/{rel}","templated":true}]}}