{"id":196018,"date":"2026-01-17T19:07:28","date_gmt":"2026-01-18T01:07:28","guid":{"rendered":"https:\/\/www.buroperiodistico.com.mx\/?p=196018"},"modified":"2026-01-17T19:07:28","modified_gmt":"2026-01-18T01:07:28","slug":"fortalece-la-uprr-mejora-continua-con-la-primera-sesion-2026-del-consejo-de-calidad","status":"publish","type":"post","link":"https:\/\/www.buroperiodistico.com.mx\/?p=196018","title":{"rendered":"Fortalece la UPRR mejora continua con la primera sesi\u00f3n 2026 del Consejo de Calidad"},"content":{"rendered":"<p><em><strong><img loading=\"lazy\" decoding=\"async\" class=\" wp-image-196020 alignright\" src=\"https:\/\/www.buroperiodistico.com.mx\/wp-content\/uploads\/2026\/01\/UPRCalidad.jpeg\" alt=\"\" width=\"472\" height=\"282\" srcset=\"https:\/\/www.buroperiodistico.com.mx\/wp-content\/uploads\/2026\/01\/UPRCalidad.jpeg 1024w, https:\/\/www.buroperiodistico.com.mx\/wp-content\/uploads\/2026\/01\/UPRCalidad-300x179.jpeg 300w, https:\/\/www.buroperiodistico.com.mx\/wp-content\/uploads\/2026\/01\/UPRCalidad-768x459.jpeg 768w\" sizes=\"auto, (max-width: 472px) 100vw, 472px\" \/>Miguel Alem\u00e1n, Tamaulipas (17-Enero-2026).-<\/strong><\/em> Con el prop\u00f3sito de atender diversos temas estrat\u00e9gicos orientados al fortalecimiento de los procesos acad\u00e9micos, administrativos y de mejora continua de la instituci\u00f3n, la Universidad Polit\u00e9cnica de la Regi\u00f3n Ribere\u00f1a (UPRR) llev\u00f3 a cabo la primera sesi\u00f3n del a\u00f1o 2026 del Consejo de Calidad, inform\u00f3 H\u00e9ctor Diez Rodr\u00edguez, rector de la universidad.<\/p>\n<p>Explic\u00f3 que, durante la sesi\u00f3n, los integrantes del consejo analizaron avances, \u00e1reas de oportunidad y acciones prioritarias que permitir\u00e1n consolidar una educaci\u00f3n de calidad, alineada a los objetivos institucionales y a las necesidades del entorno educativo y social de la regi\u00f3n.<\/p>\n<p>Destac\u00f3 la importancia del trabajo colaborativo y el compromiso institucional: \u201cLa calidad educativa es un proceso permanente que se construye con planeaci\u00f3n, evaluaci\u00f3n y responsabilidad compartida, siempre en beneficio de nuestra comunidad universitaria\u201d, enfatiz\u00f3.<\/p>\n<p>Reconoci\u00f3 y agradeci\u00f3 el respaldo del gobernador Am\u00e9rico Villarreal Anaya, as\u00ed como del secretario de Educaci\u00f3n, Miguel \u00c1ngel Valdez Garc\u00eda, cuyo acompa\u00f1amiento y compromiso han sido fundamentales para fortalecer la educaci\u00f3n superior y promover la mejora continua en las instituciones educativas del estado.<\/p>\n<p>El Consejo de Calidad de la universidad est\u00e1 integrado por el rector, el secretario administrativo, el secretario acad\u00e9mico, las y los jefes de los departamentos de Servicios Escolares y Tutor\u00edas, las y los coordinadores de cada programa de estudios, as\u00ed como un representante del \u00e1rea acad\u00e9mica y un representante del \u00e1rea administrativa, quienes garantizan una visi\u00f3n integral en la toma de decisiones institucionales.<\/p>\n<p><img loading=\"lazy\" decoding=\"async\" class=\"aligncenter size-full wp-image-196019\" src=\"https:\/\/www.buroperiodistico.com.mx\/wp-content\/uploads\/2026\/01\/UPRCalidad-I.jpeg\" alt=\"\" width=\"640\" height=\"426\" srcset=\"https:\/\/www.buroperiodistico.com.mx\/wp-content\/uploads\/2026\/01\/UPRCalidad-I.jpeg 640w, https:\/\/www.buroperiodistico.com.mx\/wp-content\/uploads\/2026\/01\/UPRCalidad-I-300x200.jpeg 300w\" sizes=\"auto, (max-width: 640px) 100vw, 640px\" \/><\/p>\n","protected":false},"excerpt":{"rendered":"<p>Miguel Alem\u00e1n, Tamaulipas (17-Enero-2026).- Con el prop\u00f3sito de atender diversos temas estrat\u00e9gicos orientados al fortalecimiento&#8230;<\/p>\n","protected":false},"author":1,"featured_media":196020,"comment_status":"closed","ping_status":"closed","sticky":false,"template":"","format":"standard","meta":{"footnotes":"","jetpack_publicize_message":"","jetpack_publicize_feature_enabled":true,"jetpack_social_post_already_shared":true,"jetpack_social_options":{"image_generator_settings":{"template":"highway","default_image_id":0,"font":"","enabled":false},"version":2}},"categories":[10],"tags":[],"class_list":["post-196018","post","type-post","status-publish","format-standard","has-post-thumbnail","hentry","category-tamaulipas"],"jetpack_publicize_connections":[],"_links":{"self":[{"href":"https:\/\/www.buroperiodistico.com.mx\/index.php?rest_route=\/wp\/v2\/posts\/196018","targetHints":{"allow":["GET"]}}],"collection":[{"href":"https:\/\/www.buroperiodistico.com.mx\/index.php?rest_route=\/wp\/v2\/posts"}],"about":[{"href":"https:\/\/www.buroperiodistico.com.mx\/index.php?rest_route=\/wp\/v2\/types\/post"}],"author":[{"embeddable":true,"href":"https:\/\/www.buroperiodistico.com.mx\/index.php?rest_route=\/wp\/v2\/users\/1"}],"replies":[{"embeddable":true,"href":"https:\/\/www.buroperiodistico.com.mx\/index.php?rest_route=%2Fwp%2Fv2%2Fcomments&post=196018"}],"version-history":[{"count":1,"href":"https:\/\/www.buroperiodistico.com.mx\/index.php?rest_route=\/wp\/v2\/posts\/196018\/revisions"}],"predecessor-version":[{"id":196021,"href":"https:\/\/www.buroperiodistico.com.mx\/index.php?rest_route=\/wp\/v2\/posts\/196018\/revisions\/196021"}],"wp:featuredmedia":[{"embeddable":true,"href":"https:\/\/www.buroperiodistico.com.mx\/index.php?rest_route=\/wp\/v2\/media\/196020"}],"wp:attachment":[{"href":"https:\/\/www.buroperiodistico.com.mx\/index.php?rest_route=%2Fwp%2Fv2%2Fmedia&parent=196018"}],"wp:term":[{"taxonomy":"category","embeddable":true,"href":"https:\/\/www.buroperiodistico.com.mx\/index.php?rest_route=%2Fwp%2Fv2%2Fcategories&post=196018"},{"taxonomy":"post_tag","embeddable":true,"href":"https:\/\/www.buroperiodistico.com.mx\/index.php?rest_route=%2Fwp%2Fv2%2Ftags&post=196018"}],"curies":[{"name":"wp","href":"https:\/\/api.w.org\/{rel}","templated":true}]}}