{"id":196006,"date":"2026-01-17T18:39:49","date_gmt":"2026-01-18T00:39:49","guid":{"rendered":"https:\/\/www.buroperiodistico.com.mx\/?p=196006"},"modified":"2026-01-17T18:39:49","modified_gmt":"2026-01-18T00:39:49","slug":"colaboracion-entre-cecati-y-sspt-fortalece-la-capacitacion-laboral-en-los-cedes-de-tamaulipas","status":"publish","type":"post","link":"https:\/\/www.buroperiodistico.com.mx\/?p=196006","title":{"rendered":"Colaboraci\u00f3n entre CECATI y SSPT fortalece la capacitaci\u00f3n laboral en los CEDES de Tamaulipas"},"content":{"rendered":"<ul>\n<li><strong><em>Los cursos ofertados al interior de los centros penitenciarios permiten a las PPLs incorporarse al mercado laboral previo a concluir su proceso<\/em><\/strong><\/li>\n<\/ul>\n<p><strong><img loading=\"lazy\" decoding=\"async\" class=\" wp-image-196010 alignright\" src=\"https:\/\/www.buroperiodistico.com.mx\/wp-content\/uploads\/2026\/01\/SSpx-1.jpeg\" alt=\"\" width=\"446\" height=\"279\" srcset=\"https:\/\/www.buroperiodistico.com.mx\/wp-content\/uploads\/2026\/01\/SSpx-1.jpeg 1024w, https:\/\/www.buroperiodistico.com.mx\/wp-content\/uploads\/2026\/01\/SSpx-1-300x188.jpeg 300w, https:\/\/www.buroperiodistico.com.mx\/wp-content\/uploads\/2026\/01\/SSpx-1-768x481.jpeg 768w\" sizes=\"auto, (max-width: 446px) 100vw, 446px\" \/>Ciudad Victoria, Tamaulipas (17-Enero-2026).<\/strong>&#8211; Con una oferta de 35 especialidades, entre las cuales se encuentran electricidad, refrigeraci\u00f3n, servicios de belleza, computaci\u00f3n e ingl\u00e9s, las personas privadas de la libertad (PPLs) en los Centros de Ejecuci\u00f3n de Sanciones (CEDES) de Tamaulipas adquieren nuevas habilidades para incorporarse al mercado laboral desde su estancia en los centros penitenciarios y hasta su liberaci\u00f3n.<\/p>\n<p>La impartici\u00f3n de estos cursos es posible gracias a la colaboraci\u00f3n entre la Secretar\u00eda de Seguridad P\u00fablica de Tamaulipas (SSPT) y los Centros de Capacitaci\u00f3n para el Trabajo Industrial (CECATI), la cual, durante aproximadamente dos d\u00e9cadas, ha logrado acercar a la poblaci\u00f3n penitenciaria las herramientas necesarias para el empleo y\/o el autoempleo.<\/p>\n<p>De acuerdo con la subdirectora de la Coordinaci\u00f3n de Enlace Operativo de la Direcci\u00f3n General de los Centros de Formaci\u00f3n para el Trabajo en Tamaulipas, Emma Margarita Salas \u00c1valos, en la entidad existen 13 planteles del CECATI, a trav\u00e9s de los cuales se imparten capacitaciones en los cinco CEDES ubicados en los municipios de Nuevo Laredo, Reynosa, Matamoros, Ciudad Victoria y Altamira, siendo el \u00e1rea de carpinter\u00eda la m\u00e1s demandada para el emprendimiento.<\/p>\n<p>\u201cEsto viene a fortalecer sus conocimientos, habilidades y destrezas para que, el d\u00eda que ellos hayan concluido su proceso, se reintegren al mundo laboral y puedan tener un sustento para ellos y para sus familias; adem\u00e1s, responde a una visi\u00f3n humanista donde se busca que tengan una convivencia social que les permita optimizar su tiempo mientras desarrollan su proceso\u201d, expres\u00f3.<\/p>\n<p><img loading=\"lazy\" decoding=\"async\" class=\"aligncenter size-full wp-image-196007\" src=\"https:\/\/www.buroperiodistico.com.mx\/wp-content\/uploads\/2026\/01\/SSpx-I-2.jpeg\" alt=\"\" width=\"640\" height=\"427\" srcset=\"https:\/\/www.buroperiodistico.com.mx\/wp-content\/uploads\/2026\/01\/SSpx-I-2.jpeg 640w, https:\/\/www.buroperiodistico.com.mx\/wp-content\/uploads\/2026\/01\/SSpx-I-2-300x200.jpeg 300w\" sizes=\"auto, (max-width: 640px) 100vw, 640px\" \/> <img loading=\"lazy\" decoding=\"async\" class=\"aligncenter size-full wp-image-196009\" src=\"https:\/\/www.buroperiodistico.com.mx\/wp-content\/uploads\/2026\/01\/SSpx-III-1.jpeg\" alt=\"\" width=\"640\" height=\"480\" srcset=\"https:\/\/www.buroperiodistico.com.mx\/wp-content\/uploads\/2026\/01\/SSpx-III-1.jpeg 640w, https:\/\/www.buroperiodistico.com.mx\/wp-content\/uploads\/2026\/01\/SSpx-III-1-300x225.jpeg 300w\" sizes=\"auto, (max-width: 640px) 100vw, 640px\" \/> <img loading=\"lazy\" decoding=\"async\" class=\"aligncenter size-full wp-image-196008\" src=\"https:\/\/www.buroperiodistico.com.mx\/wp-content\/uploads\/2026\/01\/SSpx-II-1.jpeg\" alt=\"\" width=\"640\" height=\"427\" srcset=\"https:\/\/www.buroperiodistico.com.mx\/wp-content\/uploads\/2026\/01\/SSpx-II-1.jpeg 640w, https:\/\/www.buroperiodistico.com.mx\/wp-content\/uploads\/2026\/01\/SSpx-II-1-300x200.jpeg 300w\" sizes=\"auto, (max-width: 640px) 100vw, 640px\" \/><\/p>\n","protected":false},"excerpt":{"rendered":"<p>Los cursos ofertados al interior de los centros penitenciarios permiten a las PPLs incorporarse al&#8230;<\/p>\n","protected":false},"author":1,"featured_media":196010,"comment_status":"closed","ping_status":"closed","sticky":false,"template":"","format":"standard","meta":{"footnotes":"","jetpack_publicize_message":"","jetpack_publicize_feature_enabled":true,"jetpack_social_post_already_shared":true,"jetpack_social_options":{"image_generator_settings":{"template":"highway","default_image_id":0,"font":"","enabled":false},"version":2}},"categories":[10],"tags":[],"class_list":["post-196006","post","type-post","status-publish","format-standard","has-post-thumbnail","hentry","category-tamaulipas"],"jetpack_publicize_connections":[],"_links":{"self":[{"href":"https:\/\/www.buroperiodistico.com.mx\/index.php?rest_route=\/wp\/v2\/posts\/196006","targetHints":{"allow":["GET"]}}],"collection":[{"href":"https:\/\/www.buroperiodistico.com.mx\/index.php?rest_route=\/wp\/v2\/posts"}],"about":[{"href":"https:\/\/www.buroperiodistico.com.mx\/index.php?rest_route=\/wp\/v2\/types\/post"}],"author":[{"embeddable":true,"href":"https:\/\/www.buroperiodistico.com.mx\/index.php?rest_route=\/wp\/v2\/users\/1"}],"replies":[{"embeddable":true,"href":"https:\/\/www.buroperiodistico.com.mx\/index.php?rest_route=%2Fwp%2Fv2%2Fcomments&post=196006"}],"version-history":[{"count":1,"href":"https:\/\/www.buroperiodistico.com.mx\/index.php?rest_route=\/wp\/v2\/posts\/196006\/revisions"}],"predecessor-version":[{"id":196011,"href":"https:\/\/www.buroperiodistico.com.mx\/index.php?rest_route=\/wp\/v2\/posts\/196006\/revisions\/196011"}],"wp:featuredmedia":[{"embeddable":true,"href":"https:\/\/www.buroperiodistico.com.mx\/index.php?rest_route=\/wp\/v2\/media\/196010"}],"wp:attachment":[{"href":"https:\/\/www.buroperiodistico.com.mx\/index.php?rest_route=%2Fwp%2Fv2%2Fmedia&parent=196006"}],"wp:term":[{"taxonomy":"category","embeddable":true,"href":"https:\/\/www.buroperiodistico.com.mx\/index.php?rest_route=%2Fwp%2Fv2%2Fcategories&post=196006"},{"taxonomy":"post_tag","embeddable":true,"href":"https:\/\/www.buroperiodistico.com.mx\/index.php?rest_route=%2Fwp%2Fv2%2Ftags&post=196006"}],"curies":[{"name":"wp","href":"https:\/\/api.w.org\/{rel}","templated":true}]}}