{"id":195990,"date":"2026-01-17T17:53:57","date_gmt":"2026-01-17T23:53:57","guid":{"rendered":"https:\/\/www.buroperiodistico.com.mx\/?p=195990"},"modified":"2026-01-17T17:53:57","modified_gmt":"2026-01-17T23:53:57","slug":"invita-gobierno-de-carlos-pena-ortiz-a-la-exposicion-tamaulipas-anecdotas-y-trazos","status":"publish","type":"post","link":"https:\/\/www.buroperiodistico.com.mx\/?p=195990","title":{"rendered":"Invita Gobierno de Carlos Pe\u00f1a Ortiz a la exposici\u00f3n \u00abTamaulipas: an\u00e9cdotas y trazos\u00bb"},"content":{"rendered":"<p><em><strong>Reynosa, Tam (17-Enero-2026).-<\/strong><\/em> El Gobierno de Reynosa, que preside el Alcalde Carlos Pe\u00f1a Ortiz, invita a la inauguraci\u00f3n de la exposici\u00f3n pict\u00f3rica \u00abTamaulipas: an\u00e9cdotas y trazos\u00bb el pr\u00f3ximo 20 de enero a las 5:00 P. M. en el Museo Hist\u00f3rico Reynosa.<\/p>\n<p>La muestra, a cargo del Colectivo de Pintura y Escultura del Instituto Reynosense para la Cultura y las Artes, integra obras en carb\u00f3n, pastel y \u00f3leo, con las que rinde un homenaje a la identidad del estado a trav\u00e9s de su paisaje, biodiversidad y factor humano.<\/p>\n<p>La exhibici\u00f3n se realiza en el marco de las celebraciones del Mes de las Ra\u00edces Tamaulipecas, bajo la coordinaci\u00f3n del Maestro Pedro David P\u00e9rez Rodr\u00edguez.<\/p>\n<p>#ReynosaImparable #Reynosa #Tamaulipas<\/p>\n<p><img loading=\"lazy\" decoding=\"async\" class=\"aligncenter  wp-image-195991\" src=\"https:\/\/www.buroperiodistico.com.mx\/wp-content\/uploads\/2026\/01\/IRCAx-2.jpg\" alt=\"\" width=\"821\" height=\"444\" srcset=\"https:\/\/www.buroperiodistico.com.mx\/wp-content\/uploads\/2026\/01\/IRCAx-2.jpg 1110w, https:\/\/www.buroperiodistico.com.mx\/wp-content\/uploads\/2026\/01\/IRCAx-2-300x162.jpg 300w, https:\/\/www.buroperiodistico.com.mx\/wp-content\/uploads\/2026\/01\/IRCAx-2-1024x554.jpg 1024w, https:\/\/www.buroperiodistico.com.mx\/wp-content\/uploads\/2026\/01\/IRCAx-2-768x415.jpg 768w\" sizes=\"auto, (max-width: 821px) 100vw, 821px\" \/><\/p>\n","protected":false},"excerpt":{"rendered":"<p>Reynosa, Tam (17-Enero-2026).- El Gobierno de Reynosa, que preside el Alcalde Carlos Pe\u00f1a Ortiz, invita&#8230;<\/p>\n","protected":false},"author":1,"featured_media":195991,"comment_status":"closed","ping_status":"closed","sticky":false,"template":"","format":"standard","meta":{"footnotes":"","jetpack_publicize_message":"","jetpack_publicize_feature_enabled":true,"jetpack_social_post_already_shared":true,"jetpack_social_options":{"image_generator_settings":{"template":"highway","default_image_id":0,"font":"","enabled":false},"version":2}},"categories":[9],"tags":[],"class_list":["post-195990","post","type-post","status-publish","format-standard","has-post-thumbnail","hentry","category-reynosa"],"jetpack_publicize_connections":[],"_links":{"self":[{"href":"https:\/\/www.buroperiodistico.com.mx\/index.php?rest_route=\/wp\/v2\/posts\/195990","targetHints":{"allow":["GET"]}}],"collection":[{"href":"https:\/\/www.buroperiodistico.com.mx\/index.php?rest_route=\/wp\/v2\/posts"}],"about":[{"href":"https:\/\/www.buroperiodistico.com.mx\/index.php?rest_route=\/wp\/v2\/types\/post"}],"author":[{"embeddable":true,"href":"https:\/\/www.buroperiodistico.com.mx\/index.php?rest_route=\/wp\/v2\/users\/1"}],"replies":[{"embeddable":true,"href":"https:\/\/www.buroperiodistico.com.mx\/index.php?rest_route=%2Fwp%2Fv2%2Fcomments&post=195990"}],"version-history":[{"count":1,"href":"https:\/\/www.buroperiodistico.com.mx\/index.php?rest_route=\/wp\/v2\/posts\/195990\/revisions"}],"predecessor-version":[{"id":195992,"href":"https:\/\/www.buroperiodistico.com.mx\/index.php?rest_route=\/wp\/v2\/posts\/195990\/revisions\/195992"}],"wp:featuredmedia":[{"embeddable":true,"href":"https:\/\/www.buroperiodistico.com.mx\/index.php?rest_route=\/wp\/v2\/media\/195991"}],"wp:attachment":[{"href":"https:\/\/www.buroperiodistico.com.mx\/index.php?rest_route=%2Fwp%2Fv2%2Fmedia&parent=195990"}],"wp:term":[{"taxonomy":"category","embeddable":true,"href":"https:\/\/www.buroperiodistico.com.mx\/index.php?rest_route=%2Fwp%2Fv2%2Fcategories&post=195990"},{"taxonomy":"post_tag","embeddable":true,"href":"https:\/\/www.buroperiodistico.com.mx\/index.php?rest_route=%2Fwp%2Fv2%2Ftags&post=195990"}],"curies":[{"name":"wp","href":"https:\/\/api.w.org\/{rel}","templated":true}]}}