{"id":195987,"date":"2026-01-17T17:49:16","date_gmt":"2026-01-17T23:49:16","guid":{"rendered":"https:\/\/www.buroperiodistico.com.mx\/?p=195987"},"modified":"2026-01-17T17:49:16","modified_gmt":"2026-01-17T23:49:16","slug":"invita-dif-reynosa-a-sumarse-al-programa-voluntad-de-ayudar-en-los-primeros-1000-dias","status":"publish","type":"post","link":"https:\/\/www.buroperiodistico.com.mx\/?p=195987","title":{"rendered":"Invita DIF-Reynosa a sumarse al programa Voluntad de Ayudar en los Primeros 1000 D\u00edas"},"content":{"rendered":"<p><em><strong>Reynosa, Tam (17-Enero-2026).-<\/strong><\/em> El Sistema DIF- Reynosa que encabeza Carlos Luis Pe\u00f1a Garza, invita a la ciudadan\u00eda a registrarse al programa Voluntad de Ayudar en los Primeros 1000 D\u00edas, una estrategia orientada a fortalecer la salud y el desarrollo integral desde las primeras etapas de vida.<\/p>\n<p>Este programa est\u00e1 dirigido a mujeres embarazadas, en periodo de lactancia, as\u00ed como ni\u00f1as y ni\u00f1os menores de 2 a\u00f1os de edad, brindando apoyo alimentario y promoviendo una nutrici\u00f3n saludable, con el objetivo de prevenir la desnutrici\u00f3n infantil y contribuir al bienestar de las familias que se encuentran en situaci\u00f3n de vulnerabilidad.<\/p>\n<p>El programa prioriza la atenci\u00f3n oportuna durante los primeros 1000 d\u00edas, considerados fundamentales para sentar bases s\u00f3lidas en la salud de los menores: para m\u00e1s informaci\u00f3n, acudir al DIF Central, ubicado en bulevar Miguel Hidalgo n\u00famero 1900, en la colonia Hidalgo, en el \u00e1rea de nutrici\u00f3n, en un horario de lunes a viernes de 8:00 de la ma\u00f1ana a 4:00 de la tarde o mandar un mensaje al n\u00famero 8991188929 v\u00eda WhatsApp.<\/p>\n<p><img loading=\"lazy\" decoding=\"async\" class=\"aligncenter  wp-image-195988\" src=\"https:\/\/www.buroperiodistico.com.mx\/wp-content\/uploads\/2026\/01\/SDIFx.jpg\" alt=\"\" width=\"907\" height=\"490\" srcset=\"https:\/\/www.buroperiodistico.com.mx\/wp-content\/uploads\/2026\/01\/SDIFx.jpg 1110w, https:\/\/www.buroperiodistico.com.mx\/wp-content\/uploads\/2026\/01\/SDIFx-300x162.jpg 300w, https:\/\/www.buroperiodistico.com.mx\/wp-content\/uploads\/2026\/01\/SDIFx-1024x554.jpg 1024w, https:\/\/www.buroperiodistico.com.mx\/wp-content\/uploads\/2026\/01\/SDIFx-768x415.jpg 768w\" sizes=\"auto, (max-width: 907px) 100vw, 907px\" \/><\/p>\n","protected":false},"excerpt":{"rendered":"<p>Reynosa, Tam (17-Enero-2026).- El Sistema DIF- Reynosa que encabeza Carlos Luis Pe\u00f1a Garza, invita a&#8230;<\/p>\n","protected":false},"author":1,"featured_media":195988,"comment_status":"closed","ping_status":"closed","sticky":false,"template":"","format":"standard","meta":{"footnotes":"","jetpack_publicize_message":"","jetpack_publicize_feature_enabled":true,"jetpack_social_post_already_shared":true,"jetpack_social_options":{"image_generator_settings":{"template":"highway","default_image_id":0,"font":"","enabled":false},"version":2}},"categories":[9],"tags":[],"class_list":["post-195987","post","type-post","status-publish","format-standard","has-post-thumbnail","hentry","category-reynosa"],"jetpack_publicize_connections":[],"_links":{"self":[{"href":"https:\/\/www.buroperiodistico.com.mx\/index.php?rest_route=\/wp\/v2\/posts\/195987","targetHints":{"allow":["GET"]}}],"collection":[{"href":"https:\/\/www.buroperiodistico.com.mx\/index.php?rest_route=\/wp\/v2\/posts"}],"about":[{"href":"https:\/\/www.buroperiodistico.com.mx\/index.php?rest_route=\/wp\/v2\/types\/post"}],"author":[{"embeddable":true,"href":"https:\/\/www.buroperiodistico.com.mx\/index.php?rest_route=\/wp\/v2\/users\/1"}],"replies":[{"embeddable":true,"href":"https:\/\/www.buroperiodistico.com.mx\/index.php?rest_route=%2Fwp%2Fv2%2Fcomments&post=195987"}],"version-history":[{"count":1,"href":"https:\/\/www.buroperiodistico.com.mx\/index.php?rest_route=\/wp\/v2\/posts\/195987\/revisions"}],"predecessor-version":[{"id":195989,"href":"https:\/\/www.buroperiodistico.com.mx\/index.php?rest_route=\/wp\/v2\/posts\/195987\/revisions\/195989"}],"wp:featuredmedia":[{"embeddable":true,"href":"https:\/\/www.buroperiodistico.com.mx\/index.php?rest_route=\/wp\/v2\/media\/195988"}],"wp:attachment":[{"href":"https:\/\/www.buroperiodistico.com.mx\/index.php?rest_route=%2Fwp%2Fv2%2Fmedia&parent=195987"}],"wp:term":[{"taxonomy":"category","embeddable":true,"href":"https:\/\/www.buroperiodistico.com.mx\/index.php?rest_route=%2Fwp%2Fv2%2Fcategories&post=195987"},{"taxonomy":"post_tag","embeddable":true,"href":"https:\/\/www.buroperiodistico.com.mx\/index.php?rest_route=%2Fwp%2Fv2%2Ftags&post=195987"}],"curies":[{"name":"wp","href":"https:\/\/api.w.org\/{rel}","templated":true}]}}