{"id":195979,"date":"2026-01-16T22:33:08","date_gmt":"2026-01-17T04:33:08","guid":{"rendered":"https:\/\/www.buroperiodistico.com.mx\/?p=195979"},"modified":"2026-01-16T22:33:08","modified_gmt":"2026-01-17T04:33:08","slug":"tendra-reynosa-muy-bajas-temperaturas-los-dias-sabado-y-domingo","status":"publish","type":"post","link":"https:\/\/www.buroperiodistico.com.mx\/?p=195979","title":{"rendered":"Tendr\u00e1 Reynosa muy bajas temperaturas los d\u00edas s\u00e1bado y domingo"},"content":{"rendered":"<p><em><strong><img loading=\"lazy\" decoding=\"async\" class=\"size-full wp-image-195980 alignright\" src=\"https:\/\/www.buroperiodistico.com.mx\/wp-content\/uploads\/2026\/01\/Friox-I.jpg\" alt=\"\" width=\"491\" height=\"480\" srcset=\"https:\/\/www.buroperiodistico.com.mx\/wp-content\/uploads\/2026\/01\/Friox-I.jpg 491w, https:\/\/www.buroperiodistico.com.mx\/wp-content\/uploads\/2026\/01\/Friox-I-300x293.jpg 300w\" sizes=\"auto, (max-width: 491px) 100vw, 491px\" \/>Reynosa, Tam (16-Enero-2026).-<\/strong><\/em> El Gobierno Municipal de Reynosa informa que como efecto del Frente Fr\u00edo N\u00famero 29, este s\u00e1bado 17 de enero se podr\u00eda registrar el descenso de la temperatura hasta entre 6\u00b0 y 7\u00b0 Cent\u00edgrados, considerando que la m\u00e1xima se situar\u00eda en 18\u00b0, con alta probabilidad de lluvia, de acuerdo a datos del Servicio Meteorol\u00f3gico Nacional.<\/p>\n<p>Similar temperatura cubrir\u00eda a Reynosa y la regi\u00f3n el d\u00eda domingo 18, con m\u00ednima entre 5\u00b0 y 6\u00b0 y m\u00e1xima de 19\u00b0, ya con escasa posibilidad de precipitaci\u00f3n pluvial, para que a partir del lunes 19 se tenga clima templado con el term\u00f3metro marcando de 15\u00b0 17\u00b0 Celsius o Cent\u00edgrados.<\/p>\n<p>A trav\u00e9s de la Direcci\u00f3n de Salud y Grupos Vulnerables, y Protecci\u00f3n Civil, se emite la recomendaci\u00f3n del cuidado especial durante este per\u00edodo fr\u00edo, con atenci\u00f3n dirigida a personas convalecientes o con discapacidad, ni\u00f1os, adultos mayores y a las mascotas del hogar a fin de que no sufran por causa del clima.<\/p>\n<p>#ReynosaImparable<br \/>\n#GobiernoMunicipalDeReynosa<\/p>\n","protected":false},"excerpt":{"rendered":"<p>Reynosa, Tam (16-Enero-2026).- El Gobierno Municipal de Reynosa informa que como efecto del Frente Fr\u00edo&#8230;<\/p>\n","protected":false},"author":1,"featured_media":195981,"comment_status":"closed","ping_status":"closed","sticky":false,"template":"","format":"standard","meta":{"footnotes":"","jetpack_publicize_message":"","jetpack_publicize_feature_enabled":true,"jetpack_social_post_already_shared":true,"jetpack_social_options":{"image_generator_settings":{"template":"highway","default_image_id":0,"font":"","enabled":false},"version":2}},"categories":[9],"tags":[],"class_list":["post-195979","post","type-post","status-publish","format-standard","has-post-thumbnail","hentry","category-reynosa"],"jetpack_publicize_connections":[],"_links":{"self":[{"href":"https:\/\/www.buroperiodistico.com.mx\/index.php?rest_route=\/wp\/v2\/posts\/195979","targetHints":{"allow":["GET"]}}],"collection":[{"href":"https:\/\/www.buroperiodistico.com.mx\/index.php?rest_route=\/wp\/v2\/posts"}],"about":[{"href":"https:\/\/www.buroperiodistico.com.mx\/index.php?rest_route=\/wp\/v2\/types\/post"}],"author":[{"embeddable":true,"href":"https:\/\/www.buroperiodistico.com.mx\/index.php?rest_route=\/wp\/v2\/users\/1"}],"replies":[{"embeddable":true,"href":"https:\/\/www.buroperiodistico.com.mx\/index.php?rest_route=%2Fwp%2Fv2%2Fcomments&post=195979"}],"version-history":[{"count":1,"href":"https:\/\/www.buroperiodistico.com.mx\/index.php?rest_route=\/wp\/v2\/posts\/195979\/revisions"}],"predecessor-version":[{"id":195982,"href":"https:\/\/www.buroperiodistico.com.mx\/index.php?rest_route=\/wp\/v2\/posts\/195979\/revisions\/195982"}],"wp:featuredmedia":[{"embeddable":true,"href":"https:\/\/www.buroperiodistico.com.mx\/index.php?rest_route=\/wp\/v2\/media\/195981"}],"wp:attachment":[{"href":"https:\/\/www.buroperiodistico.com.mx\/index.php?rest_route=%2Fwp%2Fv2%2Fmedia&parent=195979"}],"wp:term":[{"taxonomy":"category","embeddable":true,"href":"https:\/\/www.buroperiodistico.com.mx\/index.php?rest_route=%2Fwp%2Fv2%2Fcategories&post=195979"},{"taxonomy":"post_tag","embeddable":true,"href":"https:\/\/www.buroperiodistico.com.mx\/index.php?rest_route=%2Fwp%2Fv2%2Ftags&post=195979"}],"curies":[{"name":"wp","href":"https:\/\/api.w.org\/{rel}","templated":true}]}}