{"id":195965,"date":"2026-01-16T19:03:45","date_gmt":"2026-01-17T01:03:45","guid":{"rendered":"https:\/\/www.buroperiodistico.com.mx\/?p=195965"},"modified":"2026-01-16T19:03:45","modified_gmt":"2026-01-17T01:03:45","slug":"da-chavira-bienvenida-a-alumnos-del-montessori","status":"publish","type":"post","link":"https:\/\/www.buroperiodistico.com.mx\/?p=195965","title":{"rendered":"DA CHAVIRA BIENVENIDA A ALUMNOS DEL MONTESSORI"},"content":{"rendered":"<p><em><strong><img loading=\"lazy\" decoding=\"async\" class=\" wp-image-195966 alignright\" src=\"https:\/\/www.buroperiodistico.com.mx\/wp-content\/uploads\/2026\/01\/Chavix.jpeg\" alt=\"\" width=\"526\" height=\"307\" srcset=\"https:\/\/www.buroperiodistico.com.mx\/wp-content\/uploads\/2026\/01\/Chavix.jpeg 1024w, https:\/\/www.buroperiodistico.com.mx\/wp-content\/uploads\/2026\/01\/Chavix-300x175.jpeg 300w, https:\/\/www.buroperiodistico.com.mx\/wp-content\/uploads\/2026\/01\/Chavix-768x449.jpeg 768w\" sizes=\"auto, (max-width: 526px) 100vw, 526px\" \/>NUEVO LAREDO, TAM (16-Enero-2026).-<\/strong><\/em> El Rector de la UNT, Francisco Chavira Mart\u00ednez, da la bienvenida al nuevo a\u00f1o a los estudiantes y docentes del Colegio Montessori de M\u00e9xico en Nuevo Laredo<\/p>\n<p>Nuevo Laredo, Tamaulipas \u2013 En un emotivo acto, el Rector de la Universidad del Norte de Tamaulipas Global University (UNT), Doctor Francisco Chavira Mart\u00ednez, se dirigi\u00f3 a los estudiantes y personal docente del Colegio Montessori de M\u00e9xico, marcando el inicio del a\u00f1o acad\u00e9mico con una c\u00e1lida y motivadora salutaci\u00f3n. La ceremonia, que tuvo lugar en sus instalaciones, fue un reflejo del compromiso de la UNT por fortalecer las relaciones entre instituciones educativas y fomentar un entorno colaborativo en la formaci\u00f3n de nuevas generaciones.<\/p>\n<p>Durante su mensaje, el Rector Chavira Mart\u00ednez destac\u00f3 la importancia de la educaci\u00f3n integral y del enfoque educativo que promueve el modelo Montessori, que permite a los alumnos desarrollarse en un ambiente de respeto, autonom\u00eda y creatividad. \u00abHoy m\u00e1s que nunca, debemos trabajar juntos para preparar a nuestros j\u00f3venes, no solo acad\u00e9micamente, sino tambi\u00e9n como ciudadanos responsables, solidarios y comprometidos con su comunidad\u00bb, enfatiz\u00f3.<\/p>\n<p>La bienvenida incluy\u00f3 palabras de aliento para los estudiantes, inst\u00e1ndolos a aprovechar al m\u00e1ximo las oportunidades que les brinda su formaci\u00f3n y a mantener la curiosidad y el amor por el aprendizaje a lo largo de sus vidas. Asimismo, el Rector agradeci\u00f3 la labor del personal docente, reconociendo su dedicaci\u00f3n y esfuerzo por crear espacios de aprendizaje inclusivos y enriquecedores.<\/p>\n<p>Este encuentro marca el inicio de un a\u00f1o lleno de retos y oportunidades para el Colegio Montessori de M\u00e9xico, al tiempo que reafirma el compromiso de la UNT por seguir colaborando con instituciones educativas en la regi\u00f3n, promoviendo as\u00ed la excelencia acad\u00e9mica y el desarrollo integral de los estudiantes.<\/p>\n<p>Para m\u00e1s informaci\u00f3n, s\u00edguenos en nuestras redes sociales y visita nuestro sitio web.<\/p>\n<p><img loading=\"lazy\" decoding=\"async\" class=\"aligncenter size-full wp-image-195967\" src=\"https:\/\/www.buroperiodistico.com.mx\/wp-content\/uploads\/2026\/01\/Chavix-I.jpeg\" alt=\"\" width=\"620\" height=\"480\" srcset=\"https:\/\/www.buroperiodistico.com.mx\/wp-content\/uploads\/2026\/01\/Chavix-I.jpeg 620w, https:\/\/www.buroperiodistico.com.mx\/wp-content\/uploads\/2026\/01\/Chavix-I-300x232.jpeg 300w\" sizes=\"auto, (max-width: 620px) 100vw, 620px\" \/> <img loading=\"lazy\" decoding=\"async\" class=\"aligncenter size-full wp-image-195968\" src=\"https:\/\/www.buroperiodistico.com.mx\/wp-content\/uploads\/2026\/01\/Chavix-II.jpeg\" alt=\"\" width=\"600\" height=\"480\" srcset=\"https:\/\/www.buroperiodistico.com.mx\/wp-content\/uploads\/2026\/01\/Chavix-II.jpeg 600w, https:\/\/www.buroperiodistico.com.mx\/wp-content\/uploads\/2026\/01\/Chavix-II-300x240.jpeg 300w\" sizes=\"auto, (max-width: 600px) 100vw, 600px\" \/> <img loading=\"lazy\" decoding=\"async\" class=\"aligncenter size-full wp-image-195969\" src=\"https:\/\/www.buroperiodistico.com.mx\/wp-content\/uploads\/2026\/01\/Chavix-III.jpeg\" alt=\"\" width=\"580\" height=\"480\" srcset=\"https:\/\/www.buroperiodistico.com.mx\/wp-content\/uploads\/2026\/01\/Chavix-III.jpeg 580w, https:\/\/www.buroperiodistico.com.mx\/wp-content\/uploads\/2026\/01\/Chavix-III-300x248.jpeg 300w\" sizes=\"auto, (max-width: 580px) 100vw, 580px\" \/><\/p>\n","protected":false},"excerpt":{"rendered":"<p>NUEVO LAREDO, TAM (16-Enero-2026).- El Rector de la UNT, Francisco Chavira Mart\u00ednez, da la bienvenida&#8230;<\/p>\n","protected":false},"author":1,"featured_media":195966,"comment_status":"closed","ping_status":"closed","sticky":false,"template":"","format":"standard","meta":{"footnotes":"","jetpack_publicize_message":"","jetpack_publicize_feature_enabled":true,"jetpack_social_post_already_shared":true,"jetpack_social_options":{"image_generator_settings":{"template":"highway","default_image_id":0,"font":"","enabled":false},"version":2}},"categories":[16,25],"tags":[],"class_list":["post-195965","post","type-post","status-publish","format-standard","has-post-thumbnail","hentry","category-nuevolaredo","category-portada"],"jetpack_publicize_connections":[],"_links":{"self":[{"href":"https:\/\/www.buroperiodistico.com.mx\/index.php?rest_route=\/wp\/v2\/posts\/195965","targetHints":{"allow":["GET"]}}],"collection":[{"href":"https:\/\/www.buroperiodistico.com.mx\/index.php?rest_route=\/wp\/v2\/posts"}],"about":[{"href":"https:\/\/www.buroperiodistico.com.mx\/index.php?rest_route=\/wp\/v2\/types\/post"}],"author":[{"embeddable":true,"href":"https:\/\/www.buroperiodistico.com.mx\/index.php?rest_route=\/wp\/v2\/users\/1"}],"replies":[{"embeddable":true,"href":"https:\/\/www.buroperiodistico.com.mx\/index.php?rest_route=%2Fwp%2Fv2%2Fcomments&post=195965"}],"version-history":[{"count":1,"href":"https:\/\/www.buroperiodistico.com.mx\/index.php?rest_route=\/wp\/v2\/posts\/195965\/revisions"}],"predecessor-version":[{"id":195970,"href":"https:\/\/www.buroperiodistico.com.mx\/index.php?rest_route=\/wp\/v2\/posts\/195965\/revisions\/195970"}],"wp:featuredmedia":[{"embeddable":true,"href":"https:\/\/www.buroperiodistico.com.mx\/index.php?rest_route=\/wp\/v2\/media\/195966"}],"wp:attachment":[{"href":"https:\/\/www.buroperiodistico.com.mx\/index.php?rest_route=%2Fwp%2Fv2%2Fmedia&parent=195965"}],"wp:term":[{"taxonomy":"category","embeddable":true,"href":"https:\/\/www.buroperiodistico.com.mx\/index.php?rest_route=%2Fwp%2Fv2%2Fcategories&post=195965"},{"taxonomy":"post_tag","embeddable":true,"href":"https:\/\/www.buroperiodistico.com.mx\/index.php?rest_route=%2Fwp%2Fv2%2Ftags&post=195965"}],"curies":[{"name":"wp","href":"https:\/\/api.w.org\/{rel}","templated":true}]}}