{"id":195960,"date":"2026-01-16T18:13:30","date_gmt":"2026-01-17T00:13:30","guid":{"rendered":"https:\/\/www.buroperiodistico.com.mx\/?p=195960"},"modified":"2026-01-16T18:13:30","modified_gmt":"2026-01-17T00:13:30","slug":"dif-nuevo-laredo-llama-a-parejas-a-aprovechar-ultimos-dias-de-registro-para-matrimonios-colectivos","status":"publish","type":"post","link":"https:\/\/www.buroperiodistico.com.mx\/?p=195960","title":{"rendered":"DIF NUEVO LAREDO LLAMA A PAREJAS A APROVECHAR \u00daLTIMOS D\u00cdAS DE REGISTRO PARA MATRIMONIOS COLECTIVOS"},"content":{"rendered":"<p><em><strong><img loading=\"lazy\" decoding=\"async\" class=\" wp-image-195963 alignright\" src=\"https:\/\/www.buroperiodistico.com.mx\/wp-content\/uploads\/2026\/01\/NLDx-1.jpeg\" alt=\"\" width=\"453\" height=\"280\" srcset=\"https:\/\/www.buroperiodistico.com.mx\/wp-content\/uploads\/2026\/01\/NLDx-1.jpeg 1024w, https:\/\/www.buroperiodistico.com.mx\/wp-content\/uploads\/2026\/01\/NLDx-1-300x185.jpeg 300w, https:\/\/www.buroperiodistico.com.mx\/wp-content\/uploads\/2026\/01\/NLDx-1-768x475.jpeg 768w\" sizes=\"auto, (max-width: 453px) 100vw, 453px\" \/>Nuevo Laredo, Tam (16-Enero-2026).-<\/strong><\/em> El Sistema DIF Nuevo Laredo inform\u00f3 que est\u00e1 por concluir el periodo de registro para la Campa\u00f1a Permanente de Matrimonios Colectivos, un programa social que busca brindar certeza jur\u00eddica a las parejas y fortalecer los lazos familiares en la comunidad.<\/p>\n<p>Esta iniciativa est\u00e1 dirigida a personas mayores de edad, de nacionalidad mexicana y en situaci\u00f3n de vulnerabilidad, con el objetivo de facilitar el acceso al matrimonio civil como un derecho fundamental y un paso importante para la consolidaci\u00f3n de las familias.<\/p>\n<p>Autoridades del DIF hicieron un llamado a las parejas interesadas a no dejar pasar esta oportunidad, ya que la fecha l\u00edmite para realizar el registro es el pr\u00f3ximo 23 de enero, por lo que reiteraron la importancia de acudir con anticipaci\u00f3n para completar el tr\u00e1mite correspondiente.<\/p>\n<p>Para mayores informes y registro, las personas interesadas pueden acudir directamente a las oficinas del Sistema DIF Nuevo Laredo, ubicadas en H\u00e9roe de Nacataz n\u00famero 2244, en horario de atenci\u00f3n habitual.<\/p>\n<p><img loading=\"lazy\" decoding=\"async\" class=\"aligncenter size-full wp-image-195961\" src=\"https:\/\/www.buroperiodistico.com.mx\/wp-content\/uploads\/2026\/01\/NLDx-I-1.jpeg\" alt=\"\" width=\"640\" height=\"427\" srcset=\"https:\/\/www.buroperiodistico.com.mx\/wp-content\/uploads\/2026\/01\/NLDx-I-1.jpeg 640w, https:\/\/www.buroperiodistico.com.mx\/wp-content\/uploads\/2026\/01\/NLDx-I-1-300x200.jpeg 300w\" sizes=\"auto, (max-width: 640px) 100vw, 640px\" \/> <img loading=\"lazy\" decoding=\"async\" class=\"aligncenter size-full wp-image-195962\" src=\"https:\/\/www.buroperiodistico.com.mx\/wp-content\/uploads\/2026\/01\/NLDx-II-1.jpeg\" alt=\"\" width=\"640\" height=\"427\" srcset=\"https:\/\/www.buroperiodistico.com.mx\/wp-content\/uploads\/2026\/01\/NLDx-II-1.jpeg 640w, https:\/\/www.buroperiodistico.com.mx\/wp-content\/uploads\/2026\/01\/NLDx-II-1-300x200.jpeg 300w\" sizes=\"auto, (max-width: 640px) 100vw, 640px\" \/><\/p>\n","protected":false},"excerpt":{"rendered":"<p>Nuevo Laredo, Tam (16-Enero-2026).- El Sistema DIF Nuevo Laredo inform\u00f3 que est\u00e1 por concluir el&#8230;<\/p>\n","protected":false},"author":1,"featured_media":195963,"comment_status":"closed","ping_status":"closed","sticky":false,"template":"","format":"standard","meta":{"footnotes":"","jetpack_publicize_message":"","jetpack_publicize_feature_enabled":true,"jetpack_social_post_already_shared":true,"jetpack_social_options":{"image_generator_settings":{"template":"highway","default_image_id":0,"font":"","enabled":false},"version":2}},"categories":[16],"tags":[],"class_list":["post-195960","post","type-post","status-publish","format-standard","has-post-thumbnail","hentry","category-nuevolaredo"],"jetpack_publicize_connections":[],"_links":{"self":[{"href":"https:\/\/www.buroperiodistico.com.mx\/index.php?rest_route=\/wp\/v2\/posts\/195960","targetHints":{"allow":["GET"]}}],"collection":[{"href":"https:\/\/www.buroperiodistico.com.mx\/index.php?rest_route=\/wp\/v2\/posts"}],"about":[{"href":"https:\/\/www.buroperiodistico.com.mx\/index.php?rest_route=\/wp\/v2\/types\/post"}],"author":[{"embeddable":true,"href":"https:\/\/www.buroperiodistico.com.mx\/index.php?rest_route=\/wp\/v2\/users\/1"}],"replies":[{"embeddable":true,"href":"https:\/\/www.buroperiodistico.com.mx\/index.php?rest_route=%2Fwp%2Fv2%2Fcomments&post=195960"}],"version-history":[{"count":1,"href":"https:\/\/www.buroperiodistico.com.mx\/index.php?rest_route=\/wp\/v2\/posts\/195960\/revisions"}],"predecessor-version":[{"id":195964,"href":"https:\/\/www.buroperiodistico.com.mx\/index.php?rest_route=\/wp\/v2\/posts\/195960\/revisions\/195964"}],"wp:featuredmedia":[{"embeddable":true,"href":"https:\/\/www.buroperiodistico.com.mx\/index.php?rest_route=\/wp\/v2\/media\/195963"}],"wp:attachment":[{"href":"https:\/\/www.buroperiodistico.com.mx\/index.php?rest_route=%2Fwp%2Fv2%2Fmedia&parent=195960"}],"wp:term":[{"taxonomy":"category","embeddable":true,"href":"https:\/\/www.buroperiodistico.com.mx\/index.php?rest_route=%2Fwp%2Fv2%2Fcategories&post=195960"},{"taxonomy":"post_tag","embeddable":true,"href":"https:\/\/www.buroperiodistico.com.mx\/index.php?rest_route=%2Fwp%2Fv2%2Ftags&post=195960"}],"curies":[{"name":"wp","href":"https:\/\/api.w.org\/{rel}","templated":true}]}}