{"id":195955,"date":"2026-01-16T18:09:42","date_gmt":"2026-01-17T00:09:42","guid":{"rendered":"https:\/\/www.buroperiodistico.com.mx\/?p=195955"},"modified":"2026-01-16T18:09:42","modified_gmt":"2026-01-17T00:09:42","slug":"injuve-realiza-encuentro-de-juventudes-increibles-con-el-voluntariado-mision-tamaulipas","status":"publish","type":"post","link":"https:\/\/www.buroperiodistico.com.mx\/?p=195955","title":{"rendered":"INJUVE realiza \u201cEncuentro de Juventudes Incre\u00edbles\u201d con el voluntariado \u201cMisi\u00f3n Tamaulipas\u201d"},"content":{"rendered":"<ul>\n<li><strong><em>Con la finalidad de compartir experiencias enfocadas a la reflexi\u00f3n y promoci\u00f3n del voluntariado juvenil<\/em><\/strong><\/li>\n<\/ul>\n<p><strong><img loading=\"lazy\" decoding=\"async\" class=\" wp-image-195958 alignright\" src=\"https:\/\/www.buroperiodistico.com.mx\/wp-content\/uploads\/2026\/01\/IJUTamaulipas.jpeg\" alt=\"\" width=\"537\" height=\"327\" srcset=\"https:\/\/www.buroperiodistico.com.mx\/wp-content\/uploads\/2026\/01\/IJUTamaulipas.jpeg 1024w, https:\/\/www.buroperiodistico.com.mx\/wp-content\/uploads\/2026\/01\/IJUTamaulipas-300x183.jpeg 300w, https:\/\/www.buroperiodistico.com.mx\/wp-content\/uploads\/2026\/01\/IJUTamaulipas-768x468.jpeg 768w\" sizes=\"auto, (max-width: 537px) 100vw, 537px\" \/>Ciudad Victoria, Tamaulipas (16-Enero-2026).-<\/strong> El Instituto de la Juventud de Tamaulipas (INJUVE), a trav\u00e9s de su voluntariado \u201cMisi\u00f3n Tamaulipas\u201d, llev\u00f3 a cabo una actividad de integraci\u00f3n denominada \u201cEncuentro de Juventudes Incre\u00edbles\u201d, en el Parque Tamat\u00e1n de Ciudad Victoria.<\/p>\n<p>El evento, que tuvo como objetivo compartir reflexiones y experiencias por parte de las y los j\u00f3venes voluntarios mediante din\u00e1micas de uni\u00f3n y juegos de convivencia, estuvo encabezado por el director general del INJUVE, \u00d3scar Azael Rodr\u00edguez Perales.<\/p>\n<p>\u201cDesde el INJUVE trabajamos d\u00eda a d\u00eda con la finalidad de involucrar a las juventudes en un voluntariado que sume a la transformaci\u00f3n social, que participen en actividades que aporten a su entorno y formaci\u00f3n como personas, y donde cada joven pueda adquirir habilidades que puedan aplicar en otros \u00e1mbitos de su vida\u201d.<\/p>\n<p>\u201cLas y los j\u00f3venes buscan oportunidades de participar en actividades que les generen una experiencia con sentido, y nuestra labor es adaptar nuestras estrategias a sus intereses y motivaciones, porque es as\u00ed como el compromiso del joven se vuelve incre\u00edble y aut\u00e9ntico\u201d.<\/p>\n<p>\u201cMisi\u00f3n Tamaulipas ha tenido un impacto positivo en la entidad, movilizando a cientos de j\u00f3venes en cada jornada que tiene que ver con la promoci\u00f3n de una conciencia social dentro de sus comunidades\u201d, refiri\u00f3 el funcionario estatal.<\/p>\n<p>Destac\u00f3 el respaldo a esta iniciativa por parte de la Secretar\u00eda del Trabajo y Previsi\u00f3n Social, a cargo de Luis Gerardo Illoldi Reyes, en su labor de apoyar y promover oportunidades para las personas j\u00f3venes.<\/p>\n<p>Por \u00faltimo, Rodr\u00edguez Perales comparti\u00f3 que, con estas acciones, el Gobierno del Estado de Tamaulipas, bajo el liderazgo del doctor Am\u00e9rico Villarreal Anaya, reafirma su compromiso de seguir fomentando, desde una visi\u00f3n humanista, la inclusi\u00f3n del sector joven, abriendo espacios de participaci\u00f3n como clave para el crecimiento personal y colectivo.<\/p>\n<p>Las y los j\u00f3venes interesados en integrarse a esta red de voluntarios pueden visitar las redes sociales oficiales y el sitio web del Instituto: https:\/\/www.tamaulipas.gob.mx\/jovenes\/ y\/o comunicarse directamente al tel\u00e9fono de las oficinas centrales 834 107 82 31.<\/p>\n<p><img loading=\"lazy\" decoding=\"async\" class=\"aligncenter size-full wp-image-195956\" src=\"https:\/\/www.buroperiodistico.com.mx\/wp-content\/uploads\/2026\/01\/IJUTamaulipas-I.jpeg\" alt=\"\" width=\"640\" height=\"427\" srcset=\"https:\/\/www.buroperiodistico.com.mx\/wp-content\/uploads\/2026\/01\/IJUTamaulipas-I.jpeg 640w, https:\/\/www.buroperiodistico.com.mx\/wp-content\/uploads\/2026\/01\/IJUTamaulipas-I-300x200.jpeg 300w\" sizes=\"auto, (max-width: 640px) 100vw, 640px\" \/> <img loading=\"lazy\" decoding=\"async\" class=\"aligncenter size-full wp-image-195957\" src=\"https:\/\/www.buroperiodistico.com.mx\/wp-content\/uploads\/2026\/01\/IJUTamaulipas-II.jpeg\" alt=\"\" width=\"640\" height=\"427\" srcset=\"https:\/\/www.buroperiodistico.com.mx\/wp-content\/uploads\/2026\/01\/IJUTamaulipas-II.jpeg 640w, https:\/\/www.buroperiodistico.com.mx\/wp-content\/uploads\/2026\/01\/IJUTamaulipas-II-300x200.jpeg 300w\" sizes=\"auto, (max-width: 640px) 100vw, 640px\" \/><\/p>\n","protected":false},"excerpt":{"rendered":"<p>Con la finalidad de compartir experiencias enfocadas a la reflexi\u00f3n y promoci\u00f3n del voluntariado juvenil&#8230;<\/p>\n","protected":false},"author":1,"featured_media":195958,"comment_status":"closed","ping_status":"closed","sticky":false,"template":"","format":"standard","meta":{"footnotes":"","jetpack_publicize_message":"","jetpack_publicize_feature_enabled":true,"jetpack_social_post_already_shared":true,"jetpack_social_options":{"image_generator_settings":{"template":"highway","default_image_id":0,"font":"","enabled":false},"version":2}},"categories":[10],"tags":[],"class_list":["post-195955","post","type-post","status-publish","format-standard","has-post-thumbnail","hentry","category-tamaulipas"],"jetpack_publicize_connections":[],"_links":{"self":[{"href":"https:\/\/www.buroperiodistico.com.mx\/index.php?rest_route=\/wp\/v2\/posts\/195955","targetHints":{"allow":["GET"]}}],"collection":[{"href":"https:\/\/www.buroperiodistico.com.mx\/index.php?rest_route=\/wp\/v2\/posts"}],"about":[{"href":"https:\/\/www.buroperiodistico.com.mx\/index.php?rest_route=\/wp\/v2\/types\/post"}],"author":[{"embeddable":true,"href":"https:\/\/www.buroperiodistico.com.mx\/index.php?rest_route=\/wp\/v2\/users\/1"}],"replies":[{"embeddable":true,"href":"https:\/\/www.buroperiodistico.com.mx\/index.php?rest_route=%2Fwp%2Fv2%2Fcomments&post=195955"}],"version-history":[{"count":1,"href":"https:\/\/www.buroperiodistico.com.mx\/index.php?rest_route=\/wp\/v2\/posts\/195955\/revisions"}],"predecessor-version":[{"id":195959,"href":"https:\/\/www.buroperiodistico.com.mx\/index.php?rest_route=\/wp\/v2\/posts\/195955\/revisions\/195959"}],"wp:featuredmedia":[{"embeddable":true,"href":"https:\/\/www.buroperiodistico.com.mx\/index.php?rest_route=\/wp\/v2\/media\/195958"}],"wp:attachment":[{"href":"https:\/\/www.buroperiodistico.com.mx\/index.php?rest_route=%2Fwp%2Fv2%2Fmedia&parent=195955"}],"wp:term":[{"taxonomy":"category","embeddable":true,"href":"https:\/\/www.buroperiodistico.com.mx\/index.php?rest_route=%2Fwp%2Fv2%2Fcategories&post=195955"},{"taxonomy":"post_tag","embeddable":true,"href":"https:\/\/www.buroperiodistico.com.mx\/index.php?rest_route=%2Fwp%2Fv2%2Ftags&post=195955"}],"curies":[{"name":"wp","href":"https:\/\/api.w.org\/{rel}","templated":true}]}}