{"id":195938,"date":"2026-01-16T16:53:44","date_gmt":"2026-01-16T22:53:44","guid":{"rendered":"https:\/\/www.buroperiodistico.com.mx\/?p=195938"},"modified":"2026-01-16T16:53:44","modified_gmt":"2026-01-16T22:53:44","slug":"avanza-tamaulipas-en-implementacion-de-la-curp-biometrica","status":"publish","type":"post","link":"https:\/\/www.buroperiodistico.com.mx\/?p=195938","title":{"rendered":"Avanza Tamaulipas en implementaci\u00f3n de la CURP Biom\u00e9trica"},"content":{"rendered":"<p><em><strong><img loading=\"lazy\" decoding=\"async\" class=\" wp-image-195939 alignright\" src=\"https:\/\/www.buroperiodistico.com.mx\/wp-content\/uploads\/2026\/01\/SGGBiometrica.jpeg\" alt=\"\" width=\"383\" height=\"260\" srcset=\"https:\/\/www.buroperiodistico.com.mx\/wp-content\/uploads\/2026\/01\/SGGBiometrica.jpeg 1024w, https:\/\/www.buroperiodistico.com.mx\/wp-content\/uploads\/2026\/01\/SGGBiometrica-300x204.jpeg 300w, https:\/\/www.buroperiodistico.com.mx\/wp-content\/uploads\/2026\/01\/SGGBiometrica-768x521.jpeg 768w\" sizes=\"auto, (max-width: 383px) 100vw, 383px\" \/>Ciudad Victoria, Tamaulipas (16-Enero-2026).-<\/strong><\/em> La Coordinaci\u00f3n General del Registro Civil del Estado de Tamaulipas inform\u00f3 que actualmente el proceso para el tr\u00e1mite de la CURP Biom\u00e9trica se lleva a cabo en las oficinas centrales ubicadas en Ciudad Victoria, como parte de una estrategia nacional para fortalecer la identidad y la seguridad jur\u00eddica de la poblaci\u00f3n.<\/p>\n<p>Mauro Francisco Sandoval Contreras, coordinador general del Registro Civil, se\u00f1al\u00f3 que este proyecto es impulsado por el Registro Nacional de Poblaci\u00f3n (RENAPO) y que el estado de Tamaulipas ya cuenta con el equipamiento tecnol\u00f3gico necesario para iniciar la atenci\u00f3n a las y los tamaulipecos que requieran realizar este nuevo tr\u00e1mite, el cual incorpora datos biom\u00e9tricos que permiten una identificaci\u00f3n m\u00e1s segura y confiable.<\/p>\n<p>Asimismo, destac\u00f3 que esta acci\u00f3n forma parte de las pol\u00edticas p\u00fablicas orientadas a la modernizaci\u00f3n administrativa y al fortalecimiento de los servicios registrales, en concordancia con la visi\u00f3n humanista y de transformaci\u00f3n que impulsa el gobernador Am\u00e9rico Villarreal Anaya, quien ha reiterado su compromiso de acercar tr\u00e1mites y servicios a la ciudadan\u00eda, garantizando el respeto a los derechos humanos y la protecci\u00f3n de los datos personales.<\/p>\n<p>Sandoval Contreras agreg\u00f3 que, de manera paulatina, el tr\u00e1mite de la CURP Biom\u00e9trica se extender\u00e1 a los dem\u00e1s municipios del estado, con el objetivo de facilitar el acceso a este servicio sin que las personas tengan que trasladarse largas distancias, beneficiando especialmente a los sectores m\u00e1s vulnerables de la poblaci\u00f3n.<\/p>\n<p>La Coordinaci\u00f3n General del Registro Civil exhorta a la ciudadan\u00eda a mantenerse informada a trav\u00e9s de los canales oficiales del Gobierno del Estado de Tamaulipas, donde se dar\u00e1n a conocer oportunamente las fechas, sedes y requisitos para la realizaci\u00f3n de este tr\u00e1mite en cada municipio.<\/p>\n","protected":false},"excerpt":{"rendered":"<p>Ciudad Victoria, Tamaulipas (16-Enero-2026).- La Coordinaci\u00f3n General del Registro Civil del Estado de Tamaulipas inform\u00f3&#8230;<\/p>\n","protected":false},"author":1,"featured_media":195939,"comment_status":"closed","ping_status":"closed","sticky":false,"template":"","format":"standard","meta":{"footnotes":"","jetpack_publicize_message":"","jetpack_publicize_feature_enabled":true,"jetpack_social_post_already_shared":true,"jetpack_social_options":{"image_generator_settings":{"template":"highway","default_image_id":0,"font":"","enabled":false},"version":2}},"categories":[10],"tags":[],"class_list":["post-195938","post","type-post","status-publish","format-standard","has-post-thumbnail","hentry","category-tamaulipas"],"jetpack_publicize_connections":[],"_links":{"self":[{"href":"https:\/\/www.buroperiodistico.com.mx\/index.php?rest_route=\/wp\/v2\/posts\/195938","targetHints":{"allow":["GET"]}}],"collection":[{"href":"https:\/\/www.buroperiodistico.com.mx\/index.php?rest_route=\/wp\/v2\/posts"}],"about":[{"href":"https:\/\/www.buroperiodistico.com.mx\/index.php?rest_route=\/wp\/v2\/types\/post"}],"author":[{"embeddable":true,"href":"https:\/\/www.buroperiodistico.com.mx\/index.php?rest_route=\/wp\/v2\/users\/1"}],"replies":[{"embeddable":true,"href":"https:\/\/www.buroperiodistico.com.mx\/index.php?rest_route=%2Fwp%2Fv2%2Fcomments&post=195938"}],"version-history":[{"count":1,"href":"https:\/\/www.buroperiodistico.com.mx\/index.php?rest_route=\/wp\/v2\/posts\/195938\/revisions"}],"predecessor-version":[{"id":195940,"href":"https:\/\/www.buroperiodistico.com.mx\/index.php?rest_route=\/wp\/v2\/posts\/195938\/revisions\/195940"}],"wp:featuredmedia":[{"embeddable":true,"href":"https:\/\/www.buroperiodistico.com.mx\/index.php?rest_route=\/wp\/v2\/media\/195939"}],"wp:attachment":[{"href":"https:\/\/www.buroperiodistico.com.mx\/index.php?rest_route=%2Fwp%2Fv2%2Fmedia&parent=195938"}],"wp:term":[{"taxonomy":"category","embeddable":true,"href":"https:\/\/www.buroperiodistico.com.mx\/index.php?rest_route=%2Fwp%2Fv2%2Fcategories&post=195938"},{"taxonomy":"post_tag","embeddable":true,"href":"https:\/\/www.buroperiodistico.com.mx\/index.php?rest_route=%2Fwp%2Fv2%2Ftags&post=195938"}],"curies":[{"name":"wp","href":"https:\/\/api.w.org\/{rel}","templated":true}]}}