{"id":195932,"date":"2026-01-16T16:42:50","date_gmt":"2026-01-16T22:42:50","guid":{"rendered":"https:\/\/www.buroperiodistico.com.mx\/?p=195932"},"modified":"2026-01-16T16:42:50","modified_gmt":"2026-01-16T22:42:50","slug":"de-primera-la-dama-de-la-noticia-por-arabela-garcia-329","status":"publish","type":"post","link":"https:\/\/www.buroperiodistico.com.mx\/?p=195932","title":{"rendered":"DE PRIMERA &#8230; LA DAMA DE LA NOTICIA\/ POR ARABELA GARCIA"},"content":{"rendered":"<p style=\"text-align: center;\"><strong><em>\u00bfMATAMOROS BRILLA O SE FUNDE? EL \u00abTUFO AZUL\u00bb QUE SACUDE AL AYUNTAMIENTO<\/em><\/strong><\/p>\n<p><em><strong>(16-Enero-2026).-<\/strong><\/em> \u00a1Muy pero muy buenos d\u00edas, mi gente chula de Matamoros! Qu\u00e9 placer saludarlos este viernes 16 de enero. Espero que me los est\u00e9 tratando la vida de maravilla, con salud y un cafecito bien caliente en la mano, porque hoy la informaci\u00f3n viene que arde. Su amiga de siempre, Arabela Garc\u00eda, les trae la pura verdad sobre lo que se cocina en las oficinas del poder. P\u00f3nganse c\u00f3modos, que aqu\u00ed les suelto la sopa de lo que est\u00e1 pasando en nuestro querido municipio.<\/p>\n<p>El Laberinto de Comunicaci\u00f3n en Matamoros: \u00bfEstrategia o Caballo de Troya?<\/p>\n<p>La llegada de la comunicadora y operadora Nannette Sedas a la Coordinaci\u00f3n de Comunicaci\u00f3n Social del Ayuntamiento de Matamoros no es un movimiento menor, ni mucho menos discreto. En el tablero pol\u00edtico local, su nombramiento ha levantado una polvareda de dudas que no cuestionan su capacidad t\u00e9cnica, sino la congruencia ideol\u00f3gica\u00a0y la saturaci\u00f3n de un \u00e1rea que parece tener \u00abdemasiadas cabezas para un solo cuerpo\u00bb.<\/p>\n<p>Un barco con exceso de tripulaci\u00f3n<\/p>\n<p>En los c\u00edrculos de an\u00e1lisis pol\u00edtico se se\u00f1ala con insistencia que el espectro de comunicaci\u00f3n del municipio parece hoy un ecosistema sobrepoblado. Entre asesores, operadores y estrategas, el Ayuntamiento cuenta ya con un exceso de perfiles que, hasta ahora, no han logrado dar en el clavo para encender ese foco que prometieron har\u00eda brillar a Matamoros.<\/p>\n<p>\u00bfEs Sedas la pieza que faltaba para rescatar el proyecto o simplemente una tabla de salvaci\u00f3n m\u00e1s en aguas turbulentas? La realidad es que, mientras m\u00e1s manos intentan timonear, m\u00e1s riesgo corre la administraci\u00f3n de naufragar en la ambig\u00fcedad y el ruido innecesario.<\/p>\n<p>En pol\u00edtica, la casualidad es un mito. Resulta imposible ignorar el tufo azul que rodea este movimiento. La historia reciente nos recuerda el pasado panista de Sedas, y es aqu\u00ed donde la hip\u00f3tesis de la infiltraci\u00f3n cobra fuerza: \u00bfA qu\u00e9 intereses responde realmente su llegada? No es secreto que en la pasada elecci\u00f3n se negociaron voluntades para asegurar el triunfo de Morena. Hoy, bajo el disfraz del \u00abPrimor\u00bb, vemos a figuras del PAN alardeando en redes sociales y buscando espacios en una administraci\u00f3n guinda que parece haber abierto las puertas a quienes ayer eran sus detractores. \u00bfEst\u00e1 la mano de alg\u00fan exjefe de Sedas operando desde las sombras para asegurar posiciones de cara al futuro?<\/p>\n<p>El factor Carlos Garc\u00eda y la \u00abMedusa\u00bb administrativa<\/p>\n<p>Mientras algunos dan por muerto pol\u00edticamente a Carlos Garc\u00eda, lo cierto es que el excandidato a \u00a0alcalde observa desde la barrera, respaldado por carpetas de investigaci\u00f3n que siguen vigentes. Su presencia silenciosa es un recordatorio de que las aguas en Matamoros no corren en una sola direcci\u00f3n.<\/p>\n<p>La actual administraci\u00f3n municipal se asemeja hoy a una Medusa: un ente con m\u00faltiples cabezas operando la comunicaci\u00f3n, lo que genera confusi\u00f3n tanto en los medios como en la ciudadan\u00eda. Sedas llega con el estigma de relaciones \u00abinc\u00f3modas\u00bb con la prensa local; su principal reto no ser\u00e1 t\u00e9cnico, sino pol\u00edtico: sanar las rupturas de una administraci\u00f3n que se ha distanciado de la sociedad y de los l\u00edderes de opini\u00f3n.<\/p>\n<p>El reloj de arena: Septiembre est\u00e1 a la vuelta<\/p>\n<p>Aunque enero parezca el inicio, el calendario electoral es implacable. En siete meses inicia el proceso de septiembre y la reelecci\u00f3n (o la nueva elecci\u00f3n) est\u00e1 a la vuelta de la esquina. Morena insiste en el gastado cuento de las encuestas \u2014un m\u00e9todo que ya pocos creen y que parece dise\u00f1ado \u00aba modo\u00bb para los amigos\u2014, pero la realidad se mide en resultados, no en trucos de narrativa.<\/p>\n<p>La suerte de Nannette Sedas no est\u00e1 echada por el simple hecho de ser cercana al alcalde. El tiempo apremia y Matamoros no necesita m\u00e1s operadores; necesita claridad. Si esta nueva incorporaci\u00f3n es para que la ciudad brille o para terminar de apagar el foco, lo veremos muy pronto. Porque en el juego de las traiciones y las alianzas, el gato encerrado siempre termina por maullar.<\/p>\n<p>Sugerencias y comentarios arabelagarcia01@hotmail.com<\/p>\n<p>EXCELENTE FIN DE SEMANA<\/p>\n","protected":false},"excerpt":{"rendered":"<p>\u00bfMATAMOROS BRILLA O SE FUNDE? EL \u00abTUFO AZUL\u00bb QUE SACUDE AL AYUNTAMIENTO (16-Enero-2026).- \u00a1Muy pero&#8230;<\/p>\n","protected":false},"author":1,"featured_media":149592,"comment_status":"closed","ping_status":"closed","sticky":false,"template":"","format":"standard","meta":{"footnotes":"","jetpack_publicize_message":"","jetpack_publicize_feature_enabled":true,"jetpack_social_post_already_shared":true,"jetpack_social_options":{"image_generator_settings":{"template":"highway","default_image_id":0,"font":"","enabled":false},"version":2}},"categories":[23],"tags":[],"class_list":["post-195932","post","type-post","status-publish","format-standard","has-post-thumbnail","hentry","category-columnas"],"jetpack_publicize_connections":[],"_links":{"self":[{"href":"https:\/\/www.buroperiodistico.com.mx\/index.php?rest_route=\/wp\/v2\/posts\/195932","targetHints":{"allow":["GET"]}}],"collection":[{"href":"https:\/\/www.buroperiodistico.com.mx\/index.php?rest_route=\/wp\/v2\/posts"}],"about":[{"href":"https:\/\/www.buroperiodistico.com.mx\/index.php?rest_route=\/wp\/v2\/types\/post"}],"author":[{"embeddable":true,"href":"https:\/\/www.buroperiodistico.com.mx\/index.php?rest_route=\/wp\/v2\/users\/1"}],"replies":[{"embeddable":true,"href":"https:\/\/www.buroperiodistico.com.mx\/index.php?rest_route=%2Fwp%2Fv2%2Fcomments&post=195932"}],"version-history":[{"count":1,"href":"https:\/\/www.buroperiodistico.com.mx\/index.php?rest_route=\/wp\/v2\/posts\/195932\/revisions"}],"predecessor-version":[{"id":195933,"href":"https:\/\/www.buroperiodistico.com.mx\/index.php?rest_route=\/wp\/v2\/posts\/195932\/revisions\/195933"}],"wp:featuredmedia":[{"embeddable":true,"href":"https:\/\/www.buroperiodistico.com.mx\/index.php?rest_route=\/wp\/v2\/media\/149592"}],"wp:attachment":[{"href":"https:\/\/www.buroperiodistico.com.mx\/index.php?rest_route=%2Fwp%2Fv2%2Fmedia&parent=195932"}],"wp:term":[{"taxonomy":"category","embeddable":true,"href":"https:\/\/www.buroperiodistico.com.mx\/index.php?rest_route=%2Fwp%2Fv2%2Fcategories&post=195932"},{"taxonomy":"post_tag","embeddable":true,"href":"https:\/\/www.buroperiodistico.com.mx\/index.php?rest_route=%2Fwp%2Fv2%2Ftags&post=195932"}],"curies":[{"name":"wp","href":"https:\/\/api.w.org\/{rel}","templated":true}]}}