{"id":195915,"date":"2026-01-16T14:49:12","date_gmt":"2026-01-16T20:49:12","guid":{"rendered":"https:\/\/www.buroperiodistico.com.mx\/?p=195915"},"modified":"2026-01-16T14:49:12","modified_gmt":"2026-01-16T20:49:12","slug":"inicia-reclutamiento-del-servicio-militar-nacional-clase-2008-y-remisos-en-nuevo-laredo","status":"publish","type":"post","link":"https:\/\/www.buroperiodistico.com.mx\/?p=195915","title":{"rendered":"INICIA RECLUTAMIENTO DEL SERVICIO MILITAR NACIONAL CLASE 2008 Y REMISOS EN NUEVO LAREDO"},"content":{"rendered":"<p dir=\"ltr\"><em><strong><img loading=\"lazy\" decoding=\"async\" class=\" wp-image-195917 alignright\" src=\"https:\/\/www.buroperiodistico.com.mx\/wp-content\/uploads\/2026\/01\/SMN.jpg\" alt=\"\" width=\"538\" height=\"327\" srcset=\"https:\/\/www.buroperiodistico.com.mx\/wp-content\/uploads\/2026\/01\/SMN.jpg 1024w, https:\/\/www.buroperiodistico.com.mx\/wp-content\/uploads\/2026\/01\/SMN-300x182.jpg 300w, https:\/\/www.buroperiodistico.com.mx\/wp-content\/uploads\/2026\/01\/SMN-768x467.jpg 768w\" sizes=\"auto, (max-width: 538px) 100vw, 538px\" \/>Nuevo Laredo, Tam (16-Enero-2026).-<\/strong><\/em> El Gobierno Municipal de Nuevo Laredo, en coordinaci\u00f3n con la Secretar\u00eda de la Defensa Nacional (SEDENA), informa a la ciudadan\u00eda el inicio del proceso de reclutamiento para el Servicio Militar Nacional (SMN), correspondiente a la Clase 2008 y Remisos, con el objetivo de que las y los j\u00f3venes cumplan en tiempo y forma con este importante deber c\u00edvico.<\/p>\n<p dir=\"ltr\">El tr\u00e1mite se llevar\u00e1 a cabo del 15 de enero al 15 de octubre de 2026, en un horario de 8:00 de la ma\u00f1ana a 3:00 de la tarde, de lunes a viernes, en la Junta Municipal de Reclutamiento, ubicada en el Centro C\u00edvico, planta alta, en el cruce de H\u00e9roe de Nacataz y Reynosa.<\/p>\n<p dir=\"ltr\">Las autoridades municipales hacen un llamado a los j\u00f3venes neolaredenses a registrarse y cumplir con este requisito, que representa un acto de responsabilidad, identidad y compromiso con M\u00e9xico, adem\u00e1s de ser un documento indispensable para diversos tr\u00e1mites acad\u00e9micos, laborales y profesionales.<\/p>\n<p dir=\"ltr\">Para realizar el registro, los interesados deber\u00e1n presentar en original y copia la siguiente documentaci\u00f3n:<\/p>\n<ul>\n<li dir=\"ltr\">\n<p dir=\"ltr\" role=\"presentation\">Acta de nacimiento (no mayor a 3 a\u00f1os).<\/p>\n<\/li>\n<li dir=\"ltr\">\n<p dir=\"ltr\" role=\"presentation\">Comprobante de domicilio.<\/p>\n<\/li>\n<li dir=\"ltr\">\n<p dir=\"ltr\" role=\"presentation\">Comprobante de estudios.<\/p>\n<\/li>\n<li dir=\"ltr\">\n<p dir=\"ltr\" role=\"presentation\">CURP.<\/p>\n<\/li>\n<\/ul>\n<p dir=\"ltr\">En el caso de remisos for\u00e1neos, constancia de no registro de su lugar de origen.<\/p>\n<p dir=\"ltr\">Tres fotograf\u00edas tama\u00f1o credencial (35 x 45 mm), fondo blanco, papel opaco, con las especificaciones oficiales: cabello corto, sin barba, bigote ni patillas, sin lentes, orejas descubiertas, camisa blanca abotonada hasta el \u00faltimo bot\u00f3n, frente despejada; las fotograf\u00edas deber\u00e1n ser de estudio fotogr\u00e1fico (no instant\u00e1neas).<\/p>\n<p dir=\"ltr\">Para mayor informaci\u00f3n, la ciudadan\u00eda puede comunicarse a los tel\u00e9fonos (867) 712-33-37 y (867) 712-59-98.<\/p>\n<p dir=\"ltr\">El Gobierno de Nuevo Laredo reitera su compromiso de trabajar de manera coordinada con las instituciones federales para fortalecer los valores c\u00edvicos y brindar facilidades a las y los j\u00f3venes en el cumplimiento de sus obligaciones legales.<\/p>\n<p dir=\"ltr\"><img loading=\"lazy\" decoding=\"async\" class=\"aligncenter size-full wp-image-195916\" src=\"https:\/\/www.buroperiodistico.com.mx\/wp-content\/uploads\/2026\/01\/SMN-I.jpg\" alt=\"\" width=\"640\" height=\"427\" srcset=\"https:\/\/www.buroperiodistico.com.mx\/wp-content\/uploads\/2026\/01\/SMN-I.jpg 640w, https:\/\/www.buroperiodistico.com.mx\/wp-content\/uploads\/2026\/01\/SMN-I-300x200.jpg 300w\" sizes=\"auto, (max-width: 640px) 100vw, 640px\" \/><\/p>\n","protected":false},"excerpt":{"rendered":"<p>Nuevo Laredo, Tam (16-Enero-2026).- El Gobierno Municipal de Nuevo Laredo, en coordinaci\u00f3n con la Secretar\u00eda&#8230;<\/p>\n","protected":false},"author":1,"featured_media":195917,"comment_status":"closed","ping_status":"closed","sticky":false,"template":"","format":"standard","meta":{"footnotes":"","jetpack_publicize_message":"","jetpack_publicize_feature_enabled":true,"jetpack_social_post_already_shared":true,"jetpack_social_options":{"image_generator_settings":{"template":"highway","default_image_id":0,"font":"","enabled":false},"version":2}},"categories":[16],"tags":[],"class_list":["post-195915","post","type-post","status-publish","format-standard","has-post-thumbnail","hentry","category-nuevolaredo"],"jetpack_publicize_connections":[],"_links":{"self":[{"href":"https:\/\/www.buroperiodistico.com.mx\/index.php?rest_route=\/wp\/v2\/posts\/195915","targetHints":{"allow":["GET"]}}],"collection":[{"href":"https:\/\/www.buroperiodistico.com.mx\/index.php?rest_route=\/wp\/v2\/posts"}],"about":[{"href":"https:\/\/www.buroperiodistico.com.mx\/index.php?rest_route=\/wp\/v2\/types\/post"}],"author":[{"embeddable":true,"href":"https:\/\/www.buroperiodistico.com.mx\/index.php?rest_route=\/wp\/v2\/users\/1"}],"replies":[{"embeddable":true,"href":"https:\/\/www.buroperiodistico.com.mx\/index.php?rest_route=%2Fwp%2Fv2%2Fcomments&post=195915"}],"version-history":[{"count":1,"href":"https:\/\/www.buroperiodistico.com.mx\/index.php?rest_route=\/wp\/v2\/posts\/195915\/revisions"}],"predecessor-version":[{"id":195918,"href":"https:\/\/www.buroperiodistico.com.mx\/index.php?rest_route=\/wp\/v2\/posts\/195915\/revisions\/195918"}],"wp:featuredmedia":[{"embeddable":true,"href":"https:\/\/www.buroperiodistico.com.mx\/index.php?rest_route=\/wp\/v2\/media\/195917"}],"wp:attachment":[{"href":"https:\/\/www.buroperiodistico.com.mx\/index.php?rest_route=%2Fwp%2Fv2%2Fmedia&parent=195915"}],"wp:term":[{"taxonomy":"category","embeddable":true,"href":"https:\/\/www.buroperiodistico.com.mx\/index.php?rest_route=%2Fwp%2Fv2%2Fcategories&post=195915"},{"taxonomy":"post_tag","embeddable":true,"href":"https:\/\/www.buroperiodistico.com.mx\/index.php?rest_route=%2Fwp%2Fv2%2Ftags&post=195915"}],"curies":[{"name":"wp","href":"https:\/\/api.w.org\/{rel}","templated":true}]}}