{"id":195908,"date":"2026-01-16T14:32:20","date_gmt":"2026-01-16T20:32:20","guid":{"rendered":"https:\/\/www.buroperiodistico.com.mx\/?p=195908"},"modified":"2026-01-16T14:32:20","modified_gmt":"2026-01-16T20:32:20","slug":"sedener-y-grupo-jaguar-impulsaran-becas-a-estudiantes-tamaulipecos","status":"publish","type":"post","link":"https:\/\/www.buroperiodistico.com.mx\/?p=195908","title":{"rendered":"SEDENER y Grupo Jaguar impulsar\u00e1n becas a estudiantes tamaulipecos"},"content":{"rendered":"<p><em><strong><img loading=\"lazy\" decoding=\"async\" class=\" wp-image-195909 alignright\" src=\"https:\/\/www.buroperiodistico.com.mx\/wp-content\/uploads\/2026\/01\/SDEtamaulipecos.jpeg\" alt=\"\" width=\"441\" height=\"288\" srcset=\"https:\/\/www.buroperiodistico.com.mx\/wp-content\/uploads\/2026\/01\/SDEtamaulipecos.jpeg 1024w, https:\/\/www.buroperiodistico.com.mx\/wp-content\/uploads\/2026\/01\/SDEtamaulipecos-300x196.jpeg 300w, https:\/\/www.buroperiodistico.com.mx\/wp-content\/uploads\/2026\/01\/SDEtamaulipecos-768x502.jpeg 768w\" sizes=\"auto, (max-width: 441px) 100vw, 441px\" \/>Ciudad Victoria, Tamaulipas (16-Enero-2026).-<\/strong><\/em> Con el objetivo de fortalecer la formaci\u00f3n acad\u00e9mica y el desarrollo de capacidades profesionales en estudiantes universitarios de Tamaulipas, el secretario de Desarrollo Energ\u00e9tico, Walter Juli\u00e1n \u00c1ngel Jim\u00e9nez, anunci\u00f3 el lanzamiento de un programa de becas en universidades del estado.<\/p>\n<p>\u201cVamos a implementar un programa de becas en conjunto con Grupo Jaguar, para el desarrollo de capacidades profesionales en los estudiantes y la complementaci\u00f3n de su formaci\u00f3n acad\u00e9mica con el sector productivo\u201d, coment\u00f3 el titular de la SEDENER.<\/p>\n<p>Refiri\u00f3 que siguiendo la visi\u00f3n humanista del gobernador Am\u00e9rico Villarreal Anaya, de \u201ceducaci\u00f3n, educaci\u00f3n y m\u00e1s educaci\u00f3n\u201d, este programa est\u00e1 dirigido a estudiantes de universidades de Tamaulipas de carreras afines a la industria petrolera, pertenecientes a instituciones con las que la SEDENER tiene convenios de colaboraci\u00f3n firmados, brindando esquemas de formaci\u00f3n que buscan responder a las necesidades reales del entorno laboral y fomentar una mayor competitividad entre los j\u00f3venes talentos.<\/p>\n<p>\u201cEstamos buscando otorgar, en periodos consecutivos, m\u00e1s de 100 becas anuales, con la meta de transitar a esquemas semestrales, para generar una cadena de valor m\u00e1s s\u00f3lida que fortalezca estos programas y contribuya al futuro laboral de las y los estudiantes\u201d, se\u00f1al\u00f3.<\/p>\n<p>Enfatiz\u00f3 que esta alianza reafirma el compromiso con la educaci\u00f3n, el desarrollo del capital humano y el fortalecimiento de las capacidades t\u00e9cnicas para el crecimiento del sector energ\u00e9tico de Tamaulipas.<\/p>\n","protected":false},"excerpt":{"rendered":"<p>Ciudad Victoria, Tamaulipas (16-Enero-2026).- Con el objetivo de fortalecer la formaci\u00f3n acad\u00e9mica y el desarrollo&#8230;<\/p>\n","protected":false},"author":1,"featured_media":195909,"comment_status":"closed","ping_status":"closed","sticky":false,"template":"","format":"standard","meta":{"footnotes":"","jetpack_publicize_message":"","jetpack_publicize_feature_enabled":true,"jetpack_social_post_already_shared":true,"jetpack_social_options":{"image_generator_settings":{"template":"highway","default_image_id":0,"font":"","enabled":false},"version":2}},"categories":[10],"tags":[],"class_list":["post-195908","post","type-post","status-publish","format-standard","has-post-thumbnail","hentry","category-tamaulipas"],"jetpack_publicize_connections":[],"_links":{"self":[{"href":"https:\/\/www.buroperiodistico.com.mx\/index.php?rest_route=\/wp\/v2\/posts\/195908","targetHints":{"allow":["GET"]}}],"collection":[{"href":"https:\/\/www.buroperiodistico.com.mx\/index.php?rest_route=\/wp\/v2\/posts"}],"about":[{"href":"https:\/\/www.buroperiodistico.com.mx\/index.php?rest_route=\/wp\/v2\/types\/post"}],"author":[{"embeddable":true,"href":"https:\/\/www.buroperiodistico.com.mx\/index.php?rest_route=\/wp\/v2\/users\/1"}],"replies":[{"embeddable":true,"href":"https:\/\/www.buroperiodistico.com.mx\/index.php?rest_route=%2Fwp%2Fv2%2Fcomments&post=195908"}],"version-history":[{"count":1,"href":"https:\/\/www.buroperiodistico.com.mx\/index.php?rest_route=\/wp\/v2\/posts\/195908\/revisions"}],"predecessor-version":[{"id":195910,"href":"https:\/\/www.buroperiodistico.com.mx\/index.php?rest_route=\/wp\/v2\/posts\/195908\/revisions\/195910"}],"wp:featuredmedia":[{"embeddable":true,"href":"https:\/\/www.buroperiodistico.com.mx\/index.php?rest_route=\/wp\/v2\/media\/195909"}],"wp:attachment":[{"href":"https:\/\/www.buroperiodistico.com.mx\/index.php?rest_route=%2Fwp%2Fv2%2Fmedia&parent=195908"}],"wp:term":[{"taxonomy":"category","embeddable":true,"href":"https:\/\/www.buroperiodistico.com.mx\/index.php?rest_route=%2Fwp%2Fv2%2Fcategories&post=195908"},{"taxonomy":"post_tag","embeddable":true,"href":"https:\/\/www.buroperiodistico.com.mx\/index.php?rest_route=%2Fwp%2Fv2%2Ftags&post=195908"}],"curies":[{"name":"wp","href":"https:\/\/api.w.org\/{rel}","templated":true}]}}