{"id":195896,"date":"2026-01-16T14:17:39","date_gmt":"2026-01-16T20:17:39","guid":{"rendered":"https:\/\/www.buroperiodistico.com.mx\/?p=195896"},"modified":"2026-01-16T14:17:39","modified_gmt":"2026-01-16T20:17:39","slug":"fortalece-secretaria-del-trabajo-vinculacion-laboral-en-altamira-con-jornada-de-reclutamiento-empresarial","status":"publish","type":"post","link":"https:\/\/www.buroperiodistico.com.mx\/?p=195896","title":{"rendered":"Fortalece Secretar\u00eda del Trabajo vinculaci\u00f3n laboral en Altamira con jornada de reclutamiento empresarial"},"content":{"rendered":"<p><em><strong><img loading=\"lazy\" decoding=\"async\" class=\" wp-image-195899 alignright\" src=\"https:\/\/www.buroperiodistico.com.mx\/wp-content\/uploads\/2026\/01\/STRempresarial.jpeg\" alt=\"\" width=\"475\" height=\"305\" srcset=\"https:\/\/www.buroperiodistico.com.mx\/wp-content\/uploads\/2026\/01\/STRempresarial.jpeg 1024w, https:\/\/www.buroperiodistico.com.mx\/wp-content\/uploads\/2026\/01\/STRempresarial-300x192.jpeg 300w, https:\/\/www.buroperiodistico.com.mx\/wp-content\/uploads\/2026\/01\/STRempresarial-768x493.jpeg 768w\" sizes=\"auto, (max-width: 475px) 100vw, 475px\" \/>Altamira, Tamaulipas (16-Enero-2026).-<\/strong> <\/em>Con el firme compromiso de impulsar el empleo formal y acercar oportunidades laborales a las y los tamaulipecos, la Secretar\u00eda del Trabajo y Previsi\u00f3n Social del Gobierno del Estado, encabezada por su titular, Luis Gerardo Illoldi Reyes, contin\u00faa fortaleciendo las acciones del Servicio Nacional de Empleo (SNE) en los municipios de la entidad.<\/p>\n<p>El SNE Altamira llev\u00f3 a cabo una jornada de reclutamiento laboral para la empresa Glass and Glass, una estrategia orientada a vincular de manera directa a la ciudadan\u00eda con el sector productivo y atender la demanda real de mano de obra en la regi\u00f3n.<\/p>\n<p>Durante esta actividad se ofertaron 15 vacantes en los puestos de ayudante general, vigilante, operador de quinta rueda, coordinador de serigraf\u00eda y supervisor de l\u00ednea de producci\u00f3n, logrando la atenci\u00f3n de 111 personas, quienes participaron en entrevistas realizadas por dos reclutadores de la empresa, lo que refleja el inter\u00e9s y la confianza del sector empresarial en los mecanismos de vinculaci\u00f3n laboral que impulsa la STPS.<\/p>\n<p>El reclutamiento tuvo lugar en el Tamul de la colonia Arboledas, reafirmando la visi\u00f3n del secretario de llevar los servicios del SNE m\u00e1s all\u00e1 de las oficinas, acerc\u00e1ndolos a las colonias y comunidades, con una atenci\u00f3n directa, humana y cercana que responda a las necesidades reales de la poblaci\u00f3n.<\/p>\n<p>Illoldi Reyes dijo que estas acciones forman parte de la pol\u00edtica laboral que promueve la Secretar\u00eda del Trabajo y Previsi\u00f3n Social, alineada al Gobierno Humanista y de la Transformaci\u00f3n que encabeza el gobernador Am\u00e9rico Villarreal Anaya, donde el empleo digno, el bienestar social y la justicia laboral son ejes fundamentales para construir un Tamaulipas con mayores oportunidades para todas y todos.<\/p>\n<p><img loading=\"lazy\" decoding=\"async\" class=\"aligncenter size-full wp-image-195897\" src=\"https:\/\/www.buroperiodistico.com.mx\/wp-content\/uploads\/2026\/01\/STRempresarial-I.jpeg\" alt=\"\" width=\"640\" height=\"360\" srcset=\"https:\/\/www.buroperiodistico.com.mx\/wp-content\/uploads\/2026\/01\/STRempresarial-I.jpeg 640w, https:\/\/www.buroperiodistico.com.mx\/wp-content\/uploads\/2026\/01\/STRempresarial-I-300x169.jpeg 300w\" sizes=\"auto, (max-width: 640px) 100vw, 640px\" \/> <img loading=\"lazy\" decoding=\"async\" class=\"aligncenter size-full wp-image-195898\" src=\"https:\/\/www.buroperiodistico.com.mx\/wp-content\/uploads\/2026\/01\/STRempresarial-II.jpeg\" alt=\"\" width=\"640\" height=\"360\" srcset=\"https:\/\/www.buroperiodistico.com.mx\/wp-content\/uploads\/2026\/01\/STRempresarial-II.jpeg 640w, https:\/\/www.buroperiodistico.com.mx\/wp-content\/uploads\/2026\/01\/STRempresarial-II-300x169.jpeg 300w\" sizes=\"auto, (max-width: 640px) 100vw, 640px\" \/><\/p>\n","protected":false},"excerpt":{"rendered":"<p>Altamira, Tamaulipas (16-Enero-2026).- Con el firme compromiso de impulsar el empleo formal y acercar oportunidades&#8230;<\/p>\n","protected":false},"author":1,"featured_media":195899,"comment_status":"closed","ping_status":"closed","sticky":false,"template":"","format":"standard","meta":{"footnotes":"","jetpack_publicize_message":"","jetpack_publicize_feature_enabled":true,"jetpack_social_post_already_shared":true,"jetpack_social_options":{"image_generator_settings":{"template":"highway","default_image_id":0,"font":"","enabled":false},"version":2}},"categories":[10],"tags":[],"class_list":["post-195896","post","type-post","status-publish","format-standard","has-post-thumbnail","hentry","category-tamaulipas"],"jetpack_publicize_connections":[],"_links":{"self":[{"href":"https:\/\/www.buroperiodistico.com.mx\/index.php?rest_route=\/wp\/v2\/posts\/195896","targetHints":{"allow":["GET"]}}],"collection":[{"href":"https:\/\/www.buroperiodistico.com.mx\/index.php?rest_route=\/wp\/v2\/posts"}],"about":[{"href":"https:\/\/www.buroperiodistico.com.mx\/index.php?rest_route=\/wp\/v2\/types\/post"}],"author":[{"embeddable":true,"href":"https:\/\/www.buroperiodistico.com.mx\/index.php?rest_route=\/wp\/v2\/users\/1"}],"replies":[{"embeddable":true,"href":"https:\/\/www.buroperiodistico.com.mx\/index.php?rest_route=%2Fwp%2Fv2%2Fcomments&post=195896"}],"version-history":[{"count":1,"href":"https:\/\/www.buroperiodistico.com.mx\/index.php?rest_route=\/wp\/v2\/posts\/195896\/revisions"}],"predecessor-version":[{"id":195900,"href":"https:\/\/www.buroperiodistico.com.mx\/index.php?rest_route=\/wp\/v2\/posts\/195896\/revisions\/195900"}],"wp:featuredmedia":[{"embeddable":true,"href":"https:\/\/www.buroperiodistico.com.mx\/index.php?rest_route=\/wp\/v2\/media\/195899"}],"wp:attachment":[{"href":"https:\/\/www.buroperiodistico.com.mx\/index.php?rest_route=%2Fwp%2Fv2%2Fmedia&parent=195896"}],"wp:term":[{"taxonomy":"category","embeddable":true,"href":"https:\/\/www.buroperiodistico.com.mx\/index.php?rest_route=%2Fwp%2Fv2%2Fcategories&post=195896"},{"taxonomy":"post_tag","embeddable":true,"href":"https:\/\/www.buroperiodistico.com.mx\/index.php?rest_route=%2Fwp%2Fv2%2Ftags&post=195896"}],"curies":[{"name":"wp","href":"https:\/\/api.w.org\/{rel}","templated":true}]}}