{"id":195892,"date":"2026-01-16T14:05:10","date_gmt":"2026-01-16T20:05:10","guid":{"rendered":"https:\/\/www.buroperiodistico.com.mx\/?p=195892"},"modified":"2026-01-16T14:05:10","modified_gmt":"2026-01-16T20:05:10","slug":"injuve-tamaulipas-se-une-al-programa-no-violencia-en-colaboracion-con-santander-mexico","status":"publish","type":"post","link":"https:\/\/www.buroperiodistico.com.mx\/?p=195892","title":{"rendered":"INJUVE Tamaulipas se une al programa \u201cNo + Violencia\u201d en colaboraci\u00f3n con Santander M\u00e9xico"},"content":{"rendered":"<ul>\n<li><strong><em>Con la finalidad de fortalecer la paz social<\/em><\/strong><\/li>\n<\/ul>\n<p><strong><img loading=\"lazy\" decoding=\"async\" class=\" wp-image-195893 alignright\" src=\"https:\/\/www.buroperiodistico.com.mx\/wp-content\/uploads\/2026\/01\/Ijyx-I.jpeg\" alt=\"\" width=\"457\" height=\"510\" srcset=\"https:\/\/www.buroperiodistico.com.mx\/wp-content\/uploads\/2026\/01\/Ijyx-I.jpeg 768w, https:\/\/www.buroperiodistico.com.mx\/wp-content\/uploads\/2026\/01\/Ijyx-I-269x300.jpeg 269w\" sizes=\"auto, (max-width: 457px) 100vw, 457px\" \/>Ciudad Victoria, Tamaulipas (16-Enero-2026).-<\/strong> Con el compromiso de promover espacios seguros, respetuosos y libres de violencia, el Instituto de la Juventud de Tamaulipas (INJUVE) se une al programa \u201cNo + Violencia\u201d de Santander M\u00e9xico, brindando acceso 100 % gratuito.<\/p>\n<p>\u00d3scar Azael Rodr\u00edguez Perales, director general del INJUVE, inform\u00f3: \u201cEste programa ofrece una formaci\u00f3n dise\u00f1ada para ayudar a prevenir, acompa\u00f1ar y actuar frente a distintas expresiones de violencia, con especial \u00e9nfasis en entornos acad\u00e9micos y un add-on especializado en violencia de g\u00e9nero y relaciones rom\u00e1nticas\u201d.<\/p>\n<p>Destac\u00f3: \u201cDurante este curso se har\u00e1 un recorrido pr\u00e1ctico y reflexivo con herramientas aplicables al d\u00eda a d\u00eda a trav\u00e9s de ocho m\u00f3dulos: Cultura de Paz, Entendiendo la Violencia, Influir para Transformar, Cultura de Paz en el \u00c1mbito Escolar, Violencia de G\u00e9nero como Obst\u00e1culo, Violencia Basada en G\u00e9nero, VBG a mi Alrededor y Construyendo Relaciones Sanas\u201d.<\/p>\n<p>\u201cEl INJUVE, en colaboraci\u00f3n con Grupo Santander, se ha sumado a esta iniciativa como resultado de una alianza estrat\u00e9gica con UserCentric Learning Experience (UCLX), que pone en marcha la capacitaci\u00f3n de las y los j\u00f3venes en la b\u00fasqueda de un ambiente de seguridad y paz en la sociedad, con \u00e9nfasis en el fortalecimiento y recuperaci\u00f3n de los valores\u201d, dijo.<\/p>\n<p>A su vez, el funcionario estatal se\u00f1al\u00f3 que las y los interesados tienen hasta el pr\u00f3ximo 30 de enero para inscribirse a trav\u00e9s de Santander Open Academy, plataforma global de aprendizaje y desarrollo profesional, registr\u00e1ndose en el siguiente enlace: https:\/\/app.santanderopenacademy.com\/es\/program\/no-mas-violencia-2025<\/p>\n<p>Por \u00faltimo, Rodr\u00edguez Perales reconoci\u00f3 el trabajo del Gobierno del Estado de Tamaulipas que lidera Am\u00e9rico Villarreal Anaya en garantizar la seguridad y la paz como pilares para la estabilidad de la sociedad, generando acciones que ayuden a prevenir la violencia, con el objetivo de transitar hacia una sociedad pac\u00edfica, justa e inclusiva, as\u00ed como el compromiso con las juventudes por parte de la Secretar\u00eda del Trabajo y Previsi\u00f3n Social (STyPS), que dirige Luis Gerardo Illoldi Reyes, como aliada del INJUVE en la operaci\u00f3n de pol\u00edticas p\u00fablicas para su bienestar y desarrollo.<\/p>\n","protected":false},"excerpt":{"rendered":"<p>Con la finalidad de fortalecer la paz social Ciudad Victoria, Tamaulipas (16-Enero-2026).- Con el compromiso&#8230;<\/p>\n","protected":false},"author":1,"featured_media":195894,"comment_status":"closed","ping_status":"closed","sticky":false,"template":"","format":"standard","meta":{"footnotes":"","jetpack_publicize_message":"","jetpack_publicize_feature_enabled":true,"jetpack_social_post_already_shared":true,"jetpack_social_options":{"image_generator_settings":{"template":"highway","default_image_id":0,"font":"","enabled":false},"version":2}},"categories":[10],"tags":[],"class_list":["post-195892","post","type-post","status-publish","format-standard","has-post-thumbnail","hentry","category-tamaulipas"],"jetpack_publicize_connections":[],"_links":{"self":[{"href":"https:\/\/www.buroperiodistico.com.mx\/index.php?rest_route=\/wp\/v2\/posts\/195892","targetHints":{"allow":["GET"]}}],"collection":[{"href":"https:\/\/www.buroperiodistico.com.mx\/index.php?rest_route=\/wp\/v2\/posts"}],"about":[{"href":"https:\/\/www.buroperiodistico.com.mx\/index.php?rest_route=\/wp\/v2\/types\/post"}],"author":[{"embeddable":true,"href":"https:\/\/www.buroperiodistico.com.mx\/index.php?rest_route=\/wp\/v2\/users\/1"}],"replies":[{"embeddable":true,"href":"https:\/\/www.buroperiodistico.com.mx\/index.php?rest_route=%2Fwp%2Fv2%2Fcomments&post=195892"}],"version-history":[{"count":1,"href":"https:\/\/www.buroperiodistico.com.mx\/index.php?rest_route=\/wp\/v2\/posts\/195892\/revisions"}],"predecessor-version":[{"id":195895,"href":"https:\/\/www.buroperiodistico.com.mx\/index.php?rest_route=\/wp\/v2\/posts\/195892\/revisions\/195895"}],"wp:featuredmedia":[{"embeddable":true,"href":"https:\/\/www.buroperiodistico.com.mx\/index.php?rest_route=\/wp\/v2\/media\/195894"}],"wp:attachment":[{"href":"https:\/\/www.buroperiodistico.com.mx\/index.php?rest_route=%2Fwp%2Fv2%2Fmedia&parent=195892"}],"wp:term":[{"taxonomy":"category","embeddable":true,"href":"https:\/\/www.buroperiodistico.com.mx\/index.php?rest_route=%2Fwp%2Fv2%2Fcategories&post=195892"},{"taxonomy":"post_tag","embeddable":true,"href":"https:\/\/www.buroperiodistico.com.mx\/index.php?rest_route=%2Fwp%2Fv2%2Ftags&post=195892"}],"curies":[{"name":"wp","href":"https:\/\/api.w.org\/{rel}","templated":true}]}}