{"id":195881,"date":"2026-01-16T12:43:31","date_gmt":"2026-01-16T18:43:31","guid":{"rendered":"https:\/\/www.buroperiodistico.com.mx\/?p=195881"},"modified":"2026-01-16T12:43:31","modified_gmt":"2026-01-16T18:43:31","slug":"avanza-itavu-en-transparencia-y-eficiencia-en-manejo-de-archivos","status":"publish","type":"post","link":"https:\/\/www.buroperiodistico.com.mx\/?p=195881","title":{"rendered":"Avanza ITAVU en transparencia y eficiencia en manejo de archivos"},"content":{"rendered":"<ul>\n<li><strong><em>El Instituto instal\u00f3 un Grupo Interdisciplinario como una acci\u00f3n estrat\u00e9gica que permite ordenar, clasificar y resguardar la documentaci\u00f3n institucional, fortaleciendo la rendici\u00f3n de cuentas y el derecho ciudadano al acceso a la informaci\u00f3n p\u00fablica<\/em><\/strong><\/li>\n<\/ul>\n<p><strong><img loading=\"lazy\" decoding=\"async\" class=\" wp-image-195882 alignright\" src=\"https:\/\/www.buroperiodistico.com.mx\/wp-content\/uploads\/2026\/01\/IVUarchivos.jpeg\" alt=\"\" width=\"532\" height=\"280\" srcset=\"https:\/\/www.buroperiodistico.com.mx\/wp-content\/uploads\/2026\/01\/IVUarchivos.jpeg 1024w, https:\/\/www.buroperiodistico.com.mx\/wp-content\/uploads\/2026\/01\/IVUarchivos-300x158.jpeg 300w, https:\/\/www.buroperiodistico.com.mx\/wp-content\/uploads\/2026\/01\/IVUarchivos-768x404.jpeg 768w\" sizes=\"auto, (max-width: 532px) 100vw, 532px\" \/>Ciudad Victoria, Tamaulipas (16-Enero-2026).-<\/strong> Con la visi\u00f3n de ordenar la informaci\u00f3n tambi\u00e9n es proteger derechos y dar certeza a las familias, el Instituto Tamaulipeco de Vivienda y Urbanismo (ITAVU) llev\u00f3 a cabo la instalaci\u00f3n formal del Grupo Interdisciplinario de Archivos, una acci\u00f3n clave para fortalecer la transparencia, la eficiencia institucional y el acceso oportuno a la informaci\u00f3n p\u00fablica.<\/p>\n<p>El director general del instituto, Manuel Guillermo Trevi\u00f1o Cant\u00fa, inform\u00f3 que la integraci\u00f3n del equipo de trabajo se realiz\u00f3 en cumplimiento estricto de la Ley de Archivos para el Estado de Tamaulipas, particularmente del art\u00edculo 11, fracci\u00f3n V, que establece la obligaci\u00f3n de conformar este \u00f3rgano colegiado para garantizar una gesti\u00f3n documental adecuada, con el objetivo de ordenar, proteger y dar valor a la informaci\u00f3n que respalda las decisiones y acciones del Instituto en beneficio de las familias tamaulipecas.<\/p>\n<p>Trevi\u00f1o Cant\u00fa explic\u00f3 que este Grupo Interdisciplinario, integrado por personal especializado de distintas \u00e1reas del ITAVU, tendr\u00e1 la responsabilidad de coadyuvar en los procesos de valoraci\u00f3n documental, supervisar la correcta gesti\u00f3n de los archivos en todas sus etapas y apoyar los procedimientos t\u00e9cnicos de clasificaci\u00f3n, organizaci\u00f3n y conservaci\u00f3n de la documentaci\u00f3n generada o recibida por la instituci\u00f3n. \u201cCon ello, se asegura que la informaci\u00f3n sea \u00edntegra, accesible y resguardada de manera \u00f3ptima durante todo su ciclo de vida, conforme a los est\u00e1ndares archiv\u00edsticos nacionales y estatales\u201d, dijo.<\/p>\n<p>Durante la sesi\u00f3n de instalaci\u00f3n se abordaron temas prioritarios relacionados con la normatividad vigente, como los plazos de conservaci\u00f3n documental, el uso de herramientas y sistemas de control archiv\u00edstico, as\u00ed como las capacitaciones necesarias para el personal de las \u00e1reas administrativas generadoras de informaci\u00f3n. En el \u00e1mbito tecnol\u00f3gico, tambi\u00e9n se plante\u00f3 el desarrollo e implementaci\u00f3n de m\u00f3dulos para el registro, captura y gesti\u00f3n digital de documentos, alineados a una administraci\u00f3n p\u00fablica moderna y eficiente.<\/p>\n<p>El director general del ITAVU subray\u00f3 que la adecuada gesti\u00f3n documental es un pilar para fortalecer la rendici\u00f3n de cuentas, la transparencia y la toma de decisiones responsables. Tambi\u00e9n permite preservar la memoria institucional y garantizar el derecho ciudadano al acceso a la informaci\u00f3n, principios que forman parte del enfoque humanista impulsado por el gobernador Am\u00e9rico Villarreal Anaya.<\/p>\n<p>Con esta acci\u00f3n, el ITAVU refrenda su compromiso con el cumplimiento de la ley, el fortalecimiento de sus procesos internos y la consolidaci\u00f3n de una cultura archiv\u00edstica s\u00f3lida, orientada a un servicio p\u00fablico ordenado, confiable y cercano a la gente.<\/p>\n<p>El instituto continuar\u00e1 impulsando acciones que fortalezcan una gesti\u00f3n transparente y responsable, contribuyendo al desarrollo habitacional y urbano de Tamaulipas con orden, certeza y sentido social.<\/p>\n","protected":false},"excerpt":{"rendered":"<p>El Instituto instal\u00f3 un Grupo Interdisciplinario como una acci\u00f3n estrat\u00e9gica que permite ordenar, clasificar y&#8230;<\/p>\n","protected":false},"author":1,"featured_media":195882,"comment_status":"closed","ping_status":"closed","sticky":false,"template":"","format":"standard","meta":{"footnotes":"","jetpack_publicize_message":"","jetpack_publicize_feature_enabled":true,"jetpack_social_post_already_shared":true,"jetpack_social_options":{"image_generator_settings":{"template":"highway","default_image_id":0,"font":"","enabled":false},"version":2}},"categories":[10],"tags":[],"class_list":["post-195881","post","type-post","status-publish","format-standard","has-post-thumbnail","hentry","category-tamaulipas"],"jetpack_publicize_connections":[],"_links":{"self":[{"href":"https:\/\/www.buroperiodistico.com.mx\/index.php?rest_route=\/wp\/v2\/posts\/195881","targetHints":{"allow":["GET"]}}],"collection":[{"href":"https:\/\/www.buroperiodistico.com.mx\/index.php?rest_route=\/wp\/v2\/posts"}],"about":[{"href":"https:\/\/www.buroperiodistico.com.mx\/index.php?rest_route=\/wp\/v2\/types\/post"}],"author":[{"embeddable":true,"href":"https:\/\/www.buroperiodistico.com.mx\/index.php?rest_route=\/wp\/v2\/users\/1"}],"replies":[{"embeddable":true,"href":"https:\/\/www.buroperiodistico.com.mx\/index.php?rest_route=%2Fwp%2Fv2%2Fcomments&post=195881"}],"version-history":[{"count":2,"href":"https:\/\/www.buroperiodistico.com.mx\/index.php?rest_route=\/wp\/v2\/posts\/195881\/revisions"}],"predecessor-version":[{"id":195884,"href":"https:\/\/www.buroperiodistico.com.mx\/index.php?rest_route=\/wp\/v2\/posts\/195881\/revisions\/195884"}],"wp:featuredmedia":[{"embeddable":true,"href":"https:\/\/www.buroperiodistico.com.mx\/index.php?rest_route=\/wp\/v2\/media\/195882"}],"wp:attachment":[{"href":"https:\/\/www.buroperiodistico.com.mx\/index.php?rest_route=%2Fwp%2Fv2%2Fmedia&parent=195881"}],"wp:term":[{"taxonomy":"category","embeddable":true,"href":"https:\/\/www.buroperiodistico.com.mx\/index.php?rest_route=%2Fwp%2Fv2%2Fcategories&post=195881"},{"taxonomy":"post_tag","embeddable":true,"href":"https:\/\/www.buroperiodistico.com.mx\/index.php?rest_route=%2Fwp%2Fv2%2Ftags&post=195881"}],"curies":[{"name":"wp","href":"https:\/\/api.w.org\/{rel}","templated":true}]}}