{"id":195873,"date":"2026-01-16T11:46:53","date_gmt":"2026-01-16T17:46:53","guid":{"rendered":"https:\/\/www.buroperiodistico.com.mx\/?p=195873"},"modified":"2026-01-16T11:46:53","modified_gmt":"2026-01-16T17:46:53","slug":"ofrece-dif-reynosa-capacitacion-para-el-autoempleo-con-talleres-cedif","status":"publish","type":"post","link":"https:\/\/www.buroperiodistico.com.mx\/?p=195873","title":{"rendered":"Ofrece DIF-Reynosa capacitaci\u00f3n para el autoempleo con talleres CEDIF"},"content":{"rendered":"<ul>\n<li><strong><em>Hay espacios disponibles en diversos centros.<\/em><\/strong><\/li>\n<\/ul>\n<p><strong>Reynosa, Tam (16-Enero-2026).-<\/strong> Con apoyo del Alcalde, Carlos Pe\u00f1a Ortiz, el Sistema DIF-Reynosa que preside Carlos Luis Pe\u00f1a Garza, contin\u00faa ampliando las oportunidades de capacitaci\u00f3n para la poblaci\u00f3n, a trav\u00e9s de los Centros para el Desarrollo Integral de la Familia, donde se imparten talleres orientados al autoempleo y al desarrollo personal, en beneficio de mujeres y hombres de distintos sectores de la ciudad.<\/p>\n<p>En los CEDIF Hidalgo, Jarachina, Voluntad y Trabajo, Las Torres, Campestre e Integraci\u00f3n Familiar, los participantes tienen acceso a talleres como barber\u00eda, barber\u00eda avanzada, corte y confecci\u00f3n, globoflexia, reposter\u00eda, mesa de postres, belleza, u\u00f1as, alto peinado, resina ep\u00f3xica, cuidados asistenciales, computaci\u00f3n, manualidades, t\u00e9cnico terapeuta, t\u00e9cnico moldeante, comida saludable, entre otros.<\/p>\n<p>El DIF Municipal, invita a la ciudadan\u00eda interesada a inscribirse en los talleres: para mayores informes, las personas pueden comunicarse a los tel\u00e9fonos 8999254615 y 8999232564, en un horario de atenci\u00f3n de lunes a viernes de 8:00 de la ma\u00f1ana a 4:00 de la tarde.<\/p>\n<p><img loading=\"lazy\" decoding=\"async\" class=\"aligncenter  wp-image-195874\" src=\"https:\/\/www.buroperiodistico.com.mx\/wp-content\/uploads\/2026\/01\/DUIFx.jpg\" alt=\"\" width=\"910\" height=\"492\" srcset=\"https:\/\/www.buroperiodistico.com.mx\/wp-content\/uploads\/2026\/01\/DUIFx.jpg 1110w, https:\/\/www.buroperiodistico.com.mx\/wp-content\/uploads\/2026\/01\/DUIFx-300x162.jpg 300w, https:\/\/www.buroperiodistico.com.mx\/wp-content\/uploads\/2026\/01\/DUIFx-1024x554.jpg 1024w, https:\/\/www.buroperiodistico.com.mx\/wp-content\/uploads\/2026\/01\/DUIFx-768x415.jpg 768w\" sizes=\"auto, (max-width: 910px) 100vw, 910px\" \/><\/p>\n","protected":false},"excerpt":{"rendered":"<p>Hay espacios disponibles en diversos centros. Reynosa, Tam (16-Enero-2026).- Con apoyo del Alcalde, Carlos Pe\u00f1a&#8230;<\/p>\n","protected":false},"author":1,"featured_media":195874,"comment_status":"closed","ping_status":"closed","sticky":false,"template":"","format":"standard","meta":{"footnotes":"","jetpack_publicize_message":"","jetpack_publicize_feature_enabled":true,"jetpack_social_post_already_shared":true,"jetpack_social_options":{"image_generator_settings":{"template":"highway","default_image_id":0,"font":"","enabled":false},"version":2}},"categories":[9],"tags":[],"class_list":["post-195873","post","type-post","status-publish","format-standard","has-post-thumbnail","hentry","category-reynosa"],"jetpack_publicize_connections":[],"_links":{"self":[{"href":"https:\/\/www.buroperiodistico.com.mx\/index.php?rest_route=\/wp\/v2\/posts\/195873","targetHints":{"allow":["GET"]}}],"collection":[{"href":"https:\/\/www.buroperiodistico.com.mx\/index.php?rest_route=\/wp\/v2\/posts"}],"about":[{"href":"https:\/\/www.buroperiodistico.com.mx\/index.php?rest_route=\/wp\/v2\/types\/post"}],"author":[{"embeddable":true,"href":"https:\/\/www.buroperiodistico.com.mx\/index.php?rest_route=\/wp\/v2\/users\/1"}],"replies":[{"embeddable":true,"href":"https:\/\/www.buroperiodistico.com.mx\/index.php?rest_route=%2Fwp%2Fv2%2Fcomments&post=195873"}],"version-history":[{"count":1,"href":"https:\/\/www.buroperiodistico.com.mx\/index.php?rest_route=\/wp\/v2\/posts\/195873\/revisions"}],"predecessor-version":[{"id":195875,"href":"https:\/\/www.buroperiodistico.com.mx\/index.php?rest_route=\/wp\/v2\/posts\/195873\/revisions\/195875"}],"wp:featuredmedia":[{"embeddable":true,"href":"https:\/\/www.buroperiodistico.com.mx\/index.php?rest_route=\/wp\/v2\/media\/195874"}],"wp:attachment":[{"href":"https:\/\/www.buroperiodistico.com.mx\/index.php?rest_route=%2Fwp%2Fv2%2Fmedia&parent=195873"}],"wp:term":[{"taxonomy":"category","embeddable":true,"href":"https:\/\/www.buroperiodistico.com.mx\/index.php?rest_route=%2Fwp%2Fv2%2Fcategories&post=195873"},{"taxonomy":"post_tag","embeddable":true,"href":"https:\/\/www.buroperiodistico.com.mx\/index.php?rest_route=%2Fwp%2Fv2%2Ftags&post=195873"}],"curies":[{"name":"wp","href":"https:\/\/api.w.org\/{rel}","templated":true}]}}