{"id":195852,"date":"2026-01-16T10:40:38","date_gmt":"2026-01-16T16:40:38","guid":{"rendered":"https:\/\/www.buroperiodistico.com.mx\/?p=195852"},"modified":"2026-01-16T10:40:38","modified_gmt":"2026-01-16T16:40:38","slug":"tienen-reunion-la-artilleria-periodistica-de-reynosa","status":"publish","type":"post","link":"https:\/\/www.buroperiodistico.com.mx\/?p=195852","title":{"rendered":"TIENEN REUNI\u00d3N LA ARTILLER\u00cdA PERIODISTICA DE REYNOSA"},"content":{"rendered":"<ul>\n<li><strong><em>El encuentro que rompi\u00f3 la barrera generacional<\/em><\/strong><\/li>\n<\/ul>\n<p><strong>Por Ad\u00e1n Reyes Guerrero<\/strong><\/p>\n<p><em><strong><img loading=\"lazy\" decoding=\"async\" class=\" wp-image-195853 alignright\" src=\"https:\/\/www.buroperiodistico.com.mx\/wp-content\/uploads\/2026\/01\/Reuniox.jpeg\" alt=\"\" width=\"558\" height=\"335\" srcset=\"https:\/\/www.buroperiodistico.com.mx\/wp-content\/uploads\/2026\/01\/Reuniox.jpeg 1024w, https:\/\/www.buroperiodistico.com.mx\/wp-content\/uploads\/2026\/01\/Reuniox-300x180.jpeg 300w, https:\/\/www.buroperiodistico.com.mx\/wp-content\/uploads\/2026\/01\/Reuniox-768x461.jpeg 768w\" sizes=\"auto, (max-width: 558px) 100vw, 558px\" \/>(16-Enero-2026).-<\/strong><\/em> En un evento que marc\u00f3 un precedente de unidad y compa\u00f1erismo, este d\u00eda se llev\u00f3 a cabo un relevante encuentro generacional que reuni\u00f3 a los principales actores de la comunicaci\u00f3n de esta localidad.<\/p>\n<p>El escenario fue el feudo de Heriberto De\u00e1ndar Robinson, quien fungi\u00f3 como anfitri\u00f3n de este convivio de la amistad.<\/p>\n<p>Bajo la convocatoria estrat\u00e9gica de Ren\u00e9 Mart\u00ednez Bravo, Jos\u00e9 Luis B. Garza, Jaime Aguirre, Rodolfo Mart\u00ednez Galv\u00e1n y el anfitri\u00f3n Heriberto De\u00e1ndar Robinson, un total de 40 periodistas de la radio, tv, prensa escrita y medios digitales hicieron una pausa en la cobertura informativa para reunirse y reconocerse<\/p>\n<p>El convivio permiti\u00f3 reunir periodistas de la \u00abVieja Guardia\u00bb de la tinta y el papel con la nueva generaci\u00f3n en un ambiente de camarader\u00eda, entre abundante comida y bebidas intercambiando, puntos de vista y fortaleciendo lazos de amistad y sobre todo la unidad ante los tiempos actuales.<\/p>\n<p>Igual, durante el convivio, luego de presentarse unos a otros, se le dio reconocimiento claro a los compa\u00f1eros que recientemente abandonaron este plano terrenal brind\u00e1ndoles un merecido aplauso.<\/p>\n<p>Ante el \u00e9xito de la convocatoria y el excelente \u00e1nimo de los presentes, la reuni\u00f3n concluy\u00f3 con la certeza de volver a reunirse .<\/p>\n<p>Es menester dejar claro que se habl\u00f3 de todo, menos de pol\u00edtica ni pol\u00edticos, en ausencia total de cualquier grilla se pudo disfrutar en un ambiente cordial como pocas veces se hab\u00eda visto entre nuevas generaciones y los de mayor experiencia.<br \/>\n\u00a1Excelente camarader\u00eda!<\/p>\n","protected":false},"excerpt":{"rendered":"<p>El encuentro que rompi\u00f3 la barrera generacional Por Ad\u00e1n Reyes Guerrero (16-Enero-2026).- En un evento&#8230;<\/p>\n","protected":false},"author":1,"featured_media":195853,"comment_status":"closed","ping_status":"closed","sticky":false,"template":"","format":"standard","meta":{"footnotes":"","jetpack_publicize_message":"","jetpack_publicize_feature_enabled":true,"jetpack_social_post_already_shared":true,"jetpack_social_options":{"image_generator_settings":{"template":"highway","default_image_id":0,"font":"","enabled":false},"version":2}},"categories":[9],"tags":[],"class_list":["post-195852","post","type-post","status-publish","format-standard","has-post-thumbnail","hentry","category-reynosa"],"jetpack_publicize_connections":[],"_links":{"self":[{"href":"https:\/\/www.buroperiodistico.com.mx\/index.php?rest_route=\/wp\/v2\/posts\/195852","targetHints":{"allow":["GET"]}}],"collection":[{"href":"https:\/\/www.buroperiodistico.com.mx\/index.php?rest_route=\/wp\/v2\/posts"}],"about":[{"href":"https:\/\/www.buroperiodistico.com.mx\/index.php?rest_route=\/wp\/v2\/types\/post"}],"author":[{"embeddable":true,"href":"https:\/\/www.buroperiodistico.com.mx\/index.php?rest_route=\/wp\/v2\/users\/1"}],"replies":[{"embeddable":true,"href":"https:\/\/www.buroperiodistico.com.mx\/index.php?rest_route=%2Fwp%2Fv2%2Fcomments&post=195852"}],"version-history":[{"count":1,"href":"https:\/\/www.buroperiodistico.com.mx\/index.php?rest_route=\/wp\/v2\/posts\/195852\/revisions"}],"predecessor-version":[{"id":195854,"href":"https:\/\/www.buroperiodistico.com.mx\/index.php?rest_route=\/wp\/v2\/posts\/195852\/revisions\/195854"}],"wp:featuredmedia":[{"embeddable":true,"href":"https:\/\/www.buroperiodistico.com.mx\/index.php?rest_route=\/wp\/v2\/media\/195853"}],"wp:attachment":[{"href":"https:\/\/www.buroperiodistico.com.mx\/index.php?rest_route=%2Fwp%2Fv2%2Fmedia&parent=195852"}],"wp:term":[{"taxonomy":"category","embeddable":true,"href":"https:\/\/www.buroperiodistico.com.mx\/index.php?rest_route=%2Fwp%2Fv2%2Fcategories&post=195852"},{"taxonomy":"post_tag","embeddable":true,"href":"https:\/\/www.buroperiodistico.com.mx\/index.php?rest_route=%2Fwp%2Fv2%2Ftags&post=195852"}],"curies":[{"name":"wp","href":"https:\/\/api.w.org\/{rel}","templated":true}]}}