{"id":195838,"date":"2026-01-15T19:39:19","date_gmt":"2026-01-16T01:39:19","guid":{"rendered":"https:\/\/www.buroperiodistico.com.mx\/?p=195838"},"modified":"2026-01-15T19:39:28","modified_gmt":"2026-01-16T01:39:28","slug":"ven-a-vivir-a-tamaulipas-el-carnaval-edicion-2026","status":"publish","type":"post","link":"https:\/\/www.buroperiodistico.com.mx\/?p=195838","title":{"rendered":"Ven a vivir a Tamaulipas el Carnaval edici\u00f3n 2026"},"content":{"rendered":"<ul>\n<li><strong><em>En 2025 disfrutaron de la fiesta, m\u00fasica, comparsas, disfraces y carros aleg\u00f3ricos m\u00e1s de 73 mil visitantes en Tampico, Madero y Altamira<\/em><\/strong><\/li>\n<\/ul>\n<p><strong><img loading=\"lazy\" decoding=\"async\" class=\" wp-image-195840 alignright\" src=\"https:\/\/www.buroperiodistico.com.mx\/wp-content\/uploads\/2026\/01\/STUedicion.jpeg\" alt=\"\" width=\"497\" height=\"307\" srcset=\"https:\/\/www.buroperiodistico.com.mx\/wp-content\/uploads\/2026\/01\/STUedicion.jpeg 1024w, https:\/\/www.buroperiodistico.com.mx\/wp-content\/uploads\/2026\/01\/STUedicion-300x185.jpeg 300w, https:\/\/www.buroperiodistico.com.mx\/wp-content\/uploads\/2026\/01\/STUedicion-768x474.jpeg 768w\" sizes=\"auto, (max-width: 497px) 100vw, 497px\" \/>Ciudad Victoria, Tamaulipas (15-Enero-2026).-<\/strong> Las celebraciones como el carnaval no solo llenan de color y m\u00fasica nuestras calles, sino que fortalecen la convivencia social, consolidan el sentido de identidad y proyectan una imagen vibrante, positiva y llena de vida de Tamaulipas ante M\u00e9xico y el mundo, se\u00f1al\u00f3 Benjam\u00edn Hern\u00e1ndez Rodr\u00edguez, secretario de Turismo en Tamaulipas.<\/p>\n<p>De acuerdo con el informe del Sistema Estatal para la Afluencia Tur\u00edstica en el Carnaval de 2025, que se realiz\u00f3 del 27 de febrero al 2 de marzo, se logr\u00f3 la asistencia de m\u00e1s de 73 mil visitantes a la zona conurbada de Tampico, Madero y Altamira, donde los visitantes dejaron una derrama superior a los 25.5 millones de pesos.<\/p>\n<p>En rueda de prensa conjunta en la Sala de Prensa de Palacio de Gobierno, en Ciudad Victoria, acompa\u00f1aron al funcionario estatal, los presidentes municipales de Ciudad Madero, Erasmo Gonz\u00e1lez Robledo, y de Altamira, Armando Mart\u00ednez Manr\u00edquez.<\/p>\n<p>Benjam\u00edn Hern\u00e1ndez Rodr\u00edguez se\u00f1al\u00f3 que la bolsa de premios es de 1.3 millones de pesos, con reconocimientos al mejor carro aleg\u00f3rico, comparsa, disfraz y grupo de animaci\u00f3n.<\/p>\n<p>Tambi\u00e9n resalt\u00f3 la seguridad que hoy caracteriza a Tamaulipas en sus carreteras y principales destinos tur\u00edsticos, gracias al esfuerzo continuo del gobernador Am\u00e9rico Villarreal Anaya para seguir mejorando y reduciendo los indicadores delictivos.<\/p>\n<p>\u201cEsta tranquilidad fortalece la confianza de visitantes y familias, impulsando eventos como el Carnaval 2026 como espacios de convivencia alegre y segura\u201d, indic\u00f3.<\/p>\n<p>Erasmo Gonz\u00e1lez Robledo dijo que la fiesta inicia el d\u00eda 12 en Ciudad Madero y su Playa Miramar; ah\u00ed se dar\u00e1 la coronaci\u00f3n de la reina del Carnaval 2026 y del rey de la alegr\u00eda, para luego iniciar con una explosi\u00f3n de alegr\u00eda, color y tradici\u00f3n con el desfile multicolor de comparsas.<\/p>\n<p>Armando Mart\u00ednez secund\u00f3 la percepci\u00f3n de seguridad que ofrece el sur del estado, tal como lo destaca el Instituto Nacional de Estad\u00edstica y Geograf\u00eda (INEGI), entre otros. Dijo que en su municipio la fiesta ser\u00e1 el 14 de febrero, D\u00eda del Amor y la Amistad, por lo que ser\u00e1 una celebraci\u00f3n carnavalesca con romanticismo.<\/p>\n<p>El cierre y premiaci\u00f3n del Carnaval de Tamaulipas ser\u00e1 el d\u00eda 15 en el municipio de Tampico, con su presidenta municipal, M\u00f3nica Villarreal Anaya.<\/p>\n<p>Los d\u00edas del carnaval son: 12 de febrero, coronaci\u00f3n en Ciudad Madero; 13 de febrero, primer recorrido en Ciudad Madero; 14 de febrero, segundo recorrido en Altamira y 15 de febrero, gran cierre y tercer recorrido en Tampico.<\/p>\n<p><img loading=\"lazy\" decoding=\"async\" class=\"aligncenter size-full wp-image-195839\" src=\"https:\/\/www.buroperiodistico.com.mx\/wp-content\/uploads\/2026\/01\/STUedicion-I.jpeg\" alt=\"\" width=\"640\" height=\"427\" srcset=\"https:\/\/www.buroperiodistico.com.mx\/wp-content\/uploads\/2026\/01\/STUedicion-I.jpeg 640w, https:\/\/www.buroperiodistico.com.mx\/wp-content\/uploads\/2026\/01\/STUedicion-I-300x200.jpeg 300w\" sizes=\"auto, (max-width: 640px) 100vw, 640px\" \/><\/p>\n","protected":false},"excerpt":{"rendered":"<p>En 2025 disfrutaron de la fiesta, m\u00fasica, comparsas, disfraces y carros aleg\u00f3ricos m\u00e1s de 73&#8230;<\/p>\n","protected":false},"author":1,"featured_media":195840,"comment_status":"closed","ping_status":"closed","sticky":false,"template":"","format":"standard","meta":{"footnotes":"","jetpack_publicize_message":"","jetpack_publicize_feature_enabled":true,"jetpack_social_post_already_shared":true,"jetpack_social_options":{"image_generator_settings":{"template":"highway","default_image_id":0,"font":"","enabled":false},"version":2}},"categories":[10],"tags":[],"class_list":["post-195838","post","type-post","status-publish","format-standard","has-post-thumbnail","hentry","category-tamaulipas"],"jetpack_publicize_connections":[],"_links":{"self":[{"href":"https:\/\/www.buroperiodistico.com.mx\/index.php?rest_route=\/wp\/v2\/posts\/195838","targetHints":{"allow":["GET"]}}],"collection":[{"href":"https:\/\/www.buroperiodistico.com.mx\/index.php?rest_route=\/wp\/v2\/posts"}],"about":[{"href":"https:\/\/www.buroperiodistico.com.mx\/index.php?rest_route=\/wp\/v2\/types\/post"}],"author":[{"embeddable":true,"href":"https:\/\/www.buroperiodistico.com.mx\/index.php?rest_route=\/wp\/v2\/users\/1"}],"replies":[{"embeddable":true,"href":"https:\/\/www.buroperiodistico.com.mx\/index.php?rest_route=%2Fwp%2Fv2%2Fcomments&post=195838"}],"version-history":[{"count":2,"href":"https:\/\/www.buroperiodistico.com.mx\/index.php?rest_route=\/wp\/v2\/posts\/195838\/revisions"}],"predecessor-version":[{"id":195842,"href":"https:\/\/www.buroperiodistico.com.mx\/index.php?rest_route=\/wp\/v2\/posts\/195838\/revisions\/195842"}],"wp:featuredmedia":[{"embeddable":true,"href":"https:\/\/www.buroperiodistico.com.mx\/index.php?rest_route=\/wp\/v2\/media\/195840"}],"wp:attachment":[{"href":"https:\/\/www.buroperiodistico.com.mx\/index.php?rest_route=%2Fwp%2Fv2%2Fmedia&parent=195838"}],"wp:term":[{"taxonomy":"category","embeddable":true,"href":"https:\/\/www.buroperiodistico.com.mx\/index.php?rest_route=%2Fwp%2Fv2%2Fcategories&post=195838"},{"taxonomy":"post_tag","embeddable":true,"href":"https:\/\/www.buroperiodistico.com.mx\/index.php?rest_route=%2Fwp%2Fv2%2Ftags&post=195838"}],"curies":[{"name":"wp","href":"https:\/\/api.w.org\/{rel}","templated":true}]}}