{"id":195814,"date":"2026-01-15T16:25:23","date_gmt":"2026-01-15T22:25:23","guid":{"rendered":"https:\/\/www.buroperiodistico.com.mx\/?p=195814"},"modified":"2026-01-15T16:25:23","modified_gmt":"2026-01-15T22:25:23","slug":"abre-gobierno-municipal-convocatoria-para-programa-gratuito-de-apoyo-integral-educativo-y-emocional","status":"publish","type":"post","link":"https:\/\/www.buroperiodistico.com.mx\/?p=195814","title":{"rendered":"ABRE GOBIERNO MUNICIPAL CONVOCATORIA PARA PROGRAMA GRATUITO\u00a0DE APOYO INTEGRAL EDUCATIVO Y EMOCIONAL\u00a0"},"content":{"rendered":"<p dir=\"ltr\"><em><strong><img loading=\"lazy\" decoding=\"async\" class=\" wp-image-195817 alignright\" src=\"https:\/\/www.buroperiodistico.com.mx\/wp-content\/uploads\/2026\/01\/APOYO-INTEGRAL-EDUCATIVO.jpg\" alt=\"\" width=\"473\" height=\"266\" srcset=\"https:\/\/www.buroperiodistico.com.mx\/wp-content\/uploads\/2026\/01\/APOYO-INTEGRAL-EDUCATIVO.jpg 1024w, https:\/\/www.buroperiodistico.com.mx\/wp-content\/uploads\/2026\/01\/APOYO-INTEGRAL-EDUCATIVO-300x169.jpg 300w, https:\/\/www.buroperiodistico.com.mx\/wp-content\/uploads\/2026\/01\/APOYO-INTEGRAL-EDUCATIVO-768x432.jpg 768w\" sizes=\"auto, (max-width: 473px) 100vw, 473px\" \/>Nuevo Laredo, Tam (15-Enero-2026).-<\/strong><\/em> En congruencia con la pol\u00edtica p\u00fablica de fortalecer el desarrollo humano desde la infancia, el Gobierno Municipal puso en marcha el Programa de Apoyo Integral Educativo y Emocional, una iniciativa enfocada en brindar atenci\u00f3n acad\u00e9mica y psicol\u00f3gica gratuita a ni\u00f1as y ni\u00f1os de 6 a 12 a\u00f1os, con el prop\u00f3sito de reforzar su desempe\u00f1o escolar y promover su bienestar emocional.<\/p>\n<p dir=\"ltr\">Este programa ofrece regularizaci\u00f3n en lecto\u2013escritura, espa\u00f1ol y matem\u00e1ticas, as\u00ed como atenci\u00f3n psicol\u00f3gica enfocada en el desarrollo emocional y conductual de las y los menores.<\/p>\n<p dir=\"ltr\">Las actividades se desarrollar\u00e1n durante el periodo enero\u2013junio de 2026, en horarios matutinos y vespertinos, dentro de diversas escuelas primarias y centros comunitarios ubicados estrat\u00e9gicamente en distintos sectores de la ciudad, con el objetivo de facilitar el acceso a las familias.<\/p>\n<p dir=\"ltr\">El registro permanecer\u00e1 abierto del 19 de enero al 5 de febrero, y el inicio de clases ser\u00e1 el 9 de febrero.<\/p>\n<p dir=\"ltr\">Entre los requisitos se solicita acta de nacimiento, CURP, boletas de calificaciones, identificaci\u00f3n oficial del padre, madre o tutor, comprobante de domicilio y, en caso de existir, diagn\u00f3stico neuropsicol\u00f3gico previo; adem\u00e1s, el menor deber\u00e1 presentarse para la aplicaci\u00f3n de un examen diagn\u00f3stico.<\/p>\n<p dir=\"ltr\">Algunas de las escuelas donde se llevar\u00e1 a cabo el curso son las Escuelas Primarias Alfredo V. Bonfil, Eduardo Mendoza Gonz\u00e1lez, Revoluci\u00f3n, Fundadores, Rosendo Caballero, Cuauht\u00e9moc y Guadalupe Gonz\u00e1lez Guti\u00e9rrez, as\u00ed como en los centros comunitarios Solidaridad, Nueva Victoria, Villas de San Miguel y Campo Real.<\/p>\n<p dir=\"ltr\">Para mayores informes e inscripciones, las y los interesados pueden comunicarse al (867) 711 3505, extensi\u00f3n 3463, a trav\u00e9s de la Coordinaci\u00f3n de Educaci\u00f3n Integral, reafirmando as\u00ed el compromiso de la administraci\u00f3n que encabeza la alcaldesa Carmen Lilia Canturosas Villarreal con el desarrollo integral de la ni\u00f1ez neolaredense.<\/p>\n<p dir=\"ltr\"><img loading=\"lazy\" decoding=\"async\" class=\"aligncenter size-full wp-image-195816\" src=\"https:\/\/www.buroperiodistico.com.mx\/wp-content\/uploads\/2026\/01\/APOYO-INTEGRAL-EDUCATIVO-I.jpg\" alt=\"\" width=\"640\" height=\"480\" srcset=\"https:\/\/www.buroperiodistico.com.mx\/wp-content\/uploads\/2026\/01\/APOYO-INTEGRAL-EDUCATIVO-I.jpg 640w, https:\/\/www.buroperiodistico.com.mx\/wp-content\/uploads\/2026\/01\/APOYO-INTEGRAL-EDUCATIVO-I-300x225.jpg 300w\" sizes=\"auto, (max-width: 640px) 100vw, 640px\" \/><\/p>\n","protected":false},"excerpt":{"rendered":"<p>Nuevo Laredo, Tam (15-Enero-2026).- En congruencia con la pol\u00edtica p\u00fablica de fortalecer el desarrollo humano&#8230;<\/p>\n","protected":false},"author":1,"featured_media":195817,"comment_status":"closed","ping_status":"closed","sticky":false,"template":"","format":"standard","meta":{"footnotes":"","jetpack_publicize_message":"","jetpack_publicize_feature_enabled":true,"jetpack_social_post_already_shared":true,"jetpack_social_options":{"image_generator_settings":{"template":"highway","default_image_id":0,"font":"","enabled":false},"version":2}},"categories":[16],"tags":[],"class_list":["post-195814","post","type-post","status-publish","format-standard","has-post-thumbnail","hentry","category-nuevolaredo"],"jetpack_publicize_connections":[],"_links":{"self":[{"href":"https:\/\/www.buroperiodistico.com.mx\/index.php?rest_route=\/wp\/v2\/posts\/195814","targetHints":{"allow":["GET"]}}],"collection":[{"href":"https:\/\/www.buroperiodistico.com.mx\/index.php?rest_route=\/wp\/v2\/posts"}],"about":[{"href":"https:\/\/www.buroperiodistico.com.mx\/index.php?rest_route=\/wp\/v2\/types\/post"}],"author":[{"embeddable":true,"href":"https:\/\/www.buroperiodistico.com.mx\/index.php?rest_route=\/wp\/v2\/users\/1"}],"replies":[{"embeddable":true,"href":"https:\/\/www.buroperiodistico.com.mx\/index.php?rest_route=%2Fwp%2Fv2%2Fcomments&post=195814"}],"version-history":[{"count":1,"href":"https:\/\/www.buroperiodistico.com.mx\/index.php?rest_route=\/wp\/v2\/posts\/195814\/revisions"}],"predecessor-version":[{"id":195818,"href":"https:\/\/www.buroperiodistico.com.mx\/index.php?rest_route=\/wp\/v2\/posts\/195814\/revisions\/195818"}],"wp:featuredmedia":[{"embeddable":true,"href":"https:\/\/www.buroperiodistico.com.mx\/index.php?rest_route=\/wp\/v2\/media\/195817"}],"wp:attachment":[{"href":"https:\/\/www.buroperiodistico.com.mx\/index.php?rest_route=%2Fwp%2Fv2%2Fmedia&parent=195814"}],"wp:term":[{"taxonomy":"category","embeddable":true,"href":"https:\/\/www.buroperiodistico.com.mx\/index.php?rest_route=%2Fwp%2Fv2%2Fcategories&post=195814"},{"taxonomy":"post_tag","embeddable":true,"href":"https:\/\/www.buroperiodistico.com.mx\/index.php?rest_route=%2Fwp%2Fv2%2Ftags&post=195814"}],"curies":[{"name":"wp","href":"https:\/\/api.w.org\/{rel}","templated":true}]}}