{"id":195805,"date":"2026-01-15T16:18:58","date_gmt":"2026-01-15T22:18:58","guid":{"rendered":"https:\/\/www.buroperiodistico.com.mx\/?p=195805"},"modified":"2026-01-15T16:18:58","modified_gmt":"2026-01-15T22:18:58","slug":"abre-cedif-2-inscripciones-para-taller-de-danza-folklorica-para-adultos","status":"publish","type":"post","link":"https:\/\/www.buroperiodistico.com.mx\/?p=195805","title":{"rendered":"ABRE CEDIF 2 INSCRIPCIONES PARA TALLER DE DANZA FOLKL\u00d3RICA PARA ADULTOS"},"content":{"rendered":"<p dir=\"ltr\"><em><strong><img loading=\"lazy\" decoding=\"async\" class=\" wp-image-195807 alignright\" src=\"https:\/\/www.buroperiodistico.com.mx\/wp-content\/uploads\/2026\/01\/dif-clases-danza.jpg\" alt=\"\" width=\"457\" height=\"288\" srcset=\"https:\/\/www.buroperiodistico.com.mx\/wp-content\/uploads\/2026\/01\/dif-clases-danza.jpg 1024w, https:\/\/www.buroperiodistico.com.mx\/wp-content\/uploads\/2026\/01\/dif-clases-danza-300x189.jpg 300w, https:\/\/www.buroperiodistico.com.mx\/wp-content\/uploads\/2026\/01\/dif-clases-danza-768x485.jpg 768w\" sizes=\"auto, (max-width: 457px) 100vw, 457px\" \/>Nuevo Laredo, Tam (15-Enero-2026).-<\/strong><\/em> El Centro para el Desarrollo Integral de la Familia (CEDIF) 2 invita a la ciudadan\u00eda a inscribirse en el Taller de Danza Folkl\u00f3rica para adultos, una actividad que promueve la cultura, la actividad f\u00edsica y la convivencia comunitaria.<\/p>\n<p dir=\"ltr\">Las inscripciones ya se encuentran abiertas y se realizan en un horario de 9:00 de la ma\u00f1ana a 5:00 de la tarde, directamente en las instalaciones del CEDIF 2, ubicadas en calle Carlos Osuna y Madero Sur, colonia Buenos Aires.<\/p>\n<p dir=\"ltr\">El costo del taller es de 50 pesos por concepto de inscripci\u00f3n y 100 pesos de mensualidad, lo que permite el acceso a una actividad cultural accesible y de calidad para la comunidad.<\/p>\n<p dir=\"ltr\">Este taller est\u00e1 dirigido a personas adultas interesadas en aprender y disfrutar de la danza folkl\u00f3rica, fortaleciendo la identidad cultural y la expresi\u00f3n art\u00edstica.<\/p>\n<p dir=\"ltr\"><img loading=\"lazy\" decoding=\"async\" class=\"aligncenter size-full wp-image-195806\" src=\"https:\/\/www.buroperiodistico.com.mx\/wp-content\/uploads\/2026\/01\/dif-clases-danza-I.jpg\" alt=\"\" width=\"640\" height=\"428\" srcset=\"https:\/\/www.buroperiodistico.com.mx\/wp-content\/uploads\/2026\/01\/dif-clases-danza-I.jpg 640w, https:\/\/www.buroperiodistico.com.mx\/wp-content\/uploads\/2026\/01\/dif-clases-danza-I-300x201.jpg 300w\" sizes=\"auto, (max-width: 640px) 100vw, 640px\" \/><\/p>\n","protected":false},"excerpt":{"rendered":"<p>Nuevo Laredo, Tam (15-Enero-2026).- El Centro para el Desarrollo Integral de la Familia (CEDIF) 2&#8230;<\/p>\n","protected":false},"author":1,"featured_media":195807,"comment_status":"closed","ping_status":"closed","sticky":false,"template":"","format":"standard","meta":{"footnotes":"","jetpack_publicize_message":"","jetpack_publicize_feature_enabled":true,"jetpack_social_post_already_shared":true,"jetpack_social_options":{"image_generator_settings":{"template":"highway","default_image_id":0,"font":"","enabled":false},"version":2}},"categories":[16],"tags":[],"class_list":["post-195805","post","type-post","status-publish","format-standard","has-post-thumbnail","hentry","category-nuevolaredo"],"jetpack_publicize_connections":[],"_links":{"self":[{"href":"https:\/\/www.buroperiodistico.com.mx\/index.php?rest_route=\/wp\/v2\/posts\/195805","targetHints":{"allow":["GET"]}}],"collection":[{"href":"https:\/\/www.buroperiodistico.com.mx\/index.php?rest_route=\/wp\/v2\/posts"}],"about":[{"href":"https:\/\/www.buroperiodistico.com.mx\/index.php?rest_route=\/wp\/v2\/types\/post"}],"author":[{"embeddable":true,"href":"https:\/\/www.buroperiodistico.com.mx\/index.php?rest_route=\/wp\/v2\/users\/1"}],"replies":[{"embeddable":true,"href":"https:\/\/www.buroperiodistico.com.mx\/index.php?rest_route=%2Fwp%2Fv2%2Fcomments&post=195805"}],"version-history":[{"count":1,"href":"https:\/\/www.buroperiodistico.com.mx\/index.php?rest_route=\/wp\/v2\/posts\/195805\/revisions"}],"predecessor-version":[{"id":195808,"href":"https:\/\/www.buroperiodistico.com.mx\/index.php?rest_route=\/wp\/v2\/posts\/195805\/revisions\/195808"}],"wp:featuredmedia":[{"embeddable":true,"href":"https:\/\/www.buroperiodistico.com.mx\/index.php?rest_route=\/wp\/v2\/media\/195807"}],"wp:attachment":[{"href":"https:\/\/www.buroperiodistico.com.mx\/index.php?rest_route=%2Fwp%2Fv2%2Fmedia&parent=195805"}],"wp:term":[{"taxonomy":"category","embeddable":true,"href":"https:\/\/www.buroperiodistico.com.mx\/index.php?rest_route=%2Fwp%2Fv2%2Fcategories&post=195805"},{"taxonomy":"post_tag","embeddable":true,"href":"https:\/\/www.buroperiodistico.com.mx\/index.php?rest_route=%2Fwp%2Fv2%2Ftags&post=195805"}],"curies":[{"name":"wp","href":"https:\/\/api.w.org\/{rel}","templated":true}]}}