{"id":195792,"date":"2026-01-15T16:08:05","date_gmt":"2026-01-15T22:08:05","guid":{"rendered":"https:\/\/www.buroperiodistico.com.mx\/?p=195792"},"modified":"2026-01-15T16:08:05","modified_gmt":"2026-01-15T22:08:05","slug":"refuerza-sst-verificaciones-y-acompanamiento-en-unidades-medicas-y-clinicas-de-tamaulipas","status":"publish","type":"post","link":"https:\/\/www.buroperiodistico.com.mx\/?p=195792","title":{"rendered":"Refuerza SST verificaciones y acompa\u00f1amiento en unidades m\u00e9dicas y cl\u00ednicas de Tamaulipas"},"content":{"rendered":"<ul>\n<li><strong><em>Se busca fortalecer el apego a las normas de operaci\u00f3n y la seguridad de pacientes<\/em><\/strong><\/li>\n<\/ul>\n<p><strong><img loading=\"lazy\" decoding=\"async\" class=\" wp-image-195795 alignright\" src=\"https:\/\/www.buroperiodistico.com.mx\/wp-content\/uploads\/2026\/01\/SSTTamaulipas.jpeg\" alt=\"\" width=\"521\" height=\"323\" srcset=\"https:\/\/www.buroperiodistico.com.mx\/wp-content\/uploads\/2026\/01\/SSTTamaulipas.jpeg 1024w, https:\/\/www.buroperiodistico.com.mx\/wp-content\/uploads\/2026\/01\/SSTTamaulipas-300x186.jpeg 300w, https:\/\/www.buroperiodistico.com.mx\/wp-content\/uploads\/2026\/01\/SSTTamaulipas-768x476.jpeg 768w\" sizes=\"auto, (max-width: 521px) 100vw, 521px\" \/>Ciudad Victoria, Tamaulipas (15-Enero-2026).-<\/strong> Para mantener una estrecha coordinaci\u00f3n, adem\u00e1s del acompa\u00f1amiento con los propietarios y responsables de las unidades m\u00e9dicas y cl\u00ednicas privadas de Tamaulipas, el secretario de Salud, Vicente Joel Hern\u00e1ndez Navarro, convoc\u00f3 al personal de las Coordinaciones Distritales para la Protecci\u00f3n contra Riesgos Sanitarios a reforzar el trabajo de verificaci\u00f3n para otorgar seguridad a la poblaci\u00f3n y garantizar servicios de calidad.<\/p>\n<p>Acompa\u00f1ado por el titular de la COEPRIS, Mario Rebolledo Urc\u00e1diz, y durante las visitas realizadas a los Distritos de Salud para el Bienestar del estado, mantuvo reuniones con los responsables de las coordinaciones para atender las necesidades de este tipo de establecimientos y que cumplan con la normatividad sanitaria.<\/p>\n<p>\u201cDebemos unificar los esfuerzos y ser una especie de acompa\u00f1amiento, as\u00ed como lo manejamos en los procesos de atenci\u00f3n a la salud y como lo ha indicado el gobernador Am\u00e9rico Villarreal Anaya, adem\u00e1s de apoyarlos en el cumplimiento de las normas\u201d, dijo.<\/p>\n<p>Se\u00f1al\u00f3 que con esta medida de \u201cacompa\u00f1amiento\u201d se otorga la informaci\u00f3n y herramientas necesarias, ya que existen situaciones tales como que el establecimiento cuenta con todos los requerimientos para una intervenci\u00f3n quir\u00fargica, aparatos e infraestructura, pero no cuenta con la papeler\u00eda necesaria del m\u00e9dico que la realiza, entre otras observaciones.<\/p>\n<p>Por \u00faltimo, destac\u00f3 que el trabajo del personal sanitario es fundamental y el compromiso con la poblaci\u00f3n es aplicar y hacer cumplir las leyes, reglamentos y Normas Oficiales Mexicanas; para ello pidi\u00f3 a los coordinadores para la Protecci\u00f3n contra Riesgos Sanitarios de cada uno de los Distritos de Salud para el Bienestar mantener contacto permanente con propietarios, responsables, c\u00e1maras o asociaciones de este tipo de giros sanitarios.<\/p>\n<p><img loading=\"lazy\" decoding=\"async\" class=\"aligncenter size-full wp-image-195793\" src=\"https:\/\/www.buroperiodistico.com.mx\/wp-content\/uploads\/2026\/01\/SSTTamaulipas-I.jpeg\" alt=\"\" width=\"640\" height=\"427\" srcset=\"https:\/\/www.buroperiodistico.com.mx\/wp-content\/uploads\/2026\/01\/SSTTamaulipas-I.jpeg 640w, https:\/\/www.buroperiodistico.com.mx\/wp-content\/uploads\/2026\/01\/SSTTamaulipas-I-300x200.jpeg 300w\" sizes=\"auto, (max-width: 640px) 100vw, 640px\" \/> <img loading=\"lazy\" decoding=\"async\" class=\"aligncenter size-full wp-image-195794\" src=\"https:\/\/www.buroperiodistico.com.mx\/wp-content\/uploads\/2026\/01\/SSTTamaulipas-II.jpeg\" alt=\"\" width=\"640\" height=\"427\" srcset=\"https:\/\/www.buroperiodistico.com.mx\/wp-content\/uploads\/2026\/01\/SSTTamaulipas-II.jpeg 640w, https:\/\/www.buroperiodistico.com.mx\/wp-content\/uploads\/2026\/01\/SSTTamaulipas-II-300x200.jpeg 300w\" sizes=\"auto, (max-width: 640px) 100vw, 640px\" \/><\/p>\n","protected":false},"excerpt":{"rendered":"<p>Se busca fortalecer el apego a las normas de operaci\u00f3n y la seguridad de pacientes&#8230;<\/p>\n","protected":false},"author":1,"featured_media":195795,"comment_status":"closed","ping_status":"closed","sticky":false,"template":"","format":"standard","meta":{"footnotes":"","jetpack_publicize_message":"","jetpack_publicize_feature_enabled":true,"jetpack_social_post_already_shared":true,"jetpack_social_options":{"image_generator_settings":{"template":"highway","default_image_id":0,"font":"","enabled":false},"version":2}},"categories":[10],"tags":[],"class_list":["post-195792","post","type-post","status-publish","format-standard","has-post-thumbnail","hentry","category-tamaulipas"],"jetpack_publicize_connections":[],"_links":{"self":[{"href":"https:\/\/www.buroperiodistico.com.mx\/index.php?rest_route=\/wp\/v2\/posts\/195792","targetHints":{"allow":["GET"]}}],"collection":[{"href":"https:\/\/www.buroperiodistico.com.mx\/index.php?rest_route=\/wp\/v2\/posts"}],"about":[{"href":"https:\/\/www.buroperiodistico.com.mx\/index.php?rest_route=\/wp\/v2\/types\/post"}],"author":[{"embeddable":true,"href":"https:\/\/www.buroperiodistico.com.mx\/index.php?rest_route=\/wp\/v2\/users\/1"}],"replies":[{"embeddable":true,"href":"https:\/\/www.buroperiodistico.com.mx\/index.php?rest_route=%2Fwp%2Fv2%2Fcomments&post=195792"}],"version-history":[{"count":1,"href":"https:\/\/www.buroperiodistico.com.mx\/index.php?rest_route=\/wp\/v2\/posts\/195792\/revisions"}],"predecessor-version":[{"id":195796,"href":"https:\/\/www.buroperiodistico.com.mx\/index.php?rest_route=\/wp\/v2\/posts\/195792\/revisions\/195796"}],"wp:featuredmedia":[{"embeddable":true,"href":"https:\/\/www.buroperiodistico.com.mx\/index.php?rest_route=\/wp\/v2\/media\/195795"}],"wp:attachment":[{"href":"https:\/\/www.buroperiodistico.com.mx\/index.php?rest_route=%2Fwp%2Fv2%2Fmedia&parent=195792"}],"wp:term":[{"taxonomy":"category","embeddable":true,"href":"https:\/\/www.buroperiodistico.com.mx\/index.php?rest_route=%2Fwp%2Fv2%2Fcategories&post=195792"},{"taxonomy":"post_tag","embeddable":true,"href":"https:\/\/www.buroperiodistico.com.mx\/index.php?rest_route=%2Fwp%2Fv2%2Ftags&post=195792"}],"curies":[{"name":"wp","href":"https:\/\/api.w.org\/{rel}","templated":true}]}}