{"id":195787,"date":"2026-01-15T16:02:32","date_gmt":"2026-01-15T22:02:32","guid":{"rendered":"https:\/\/www.buroperiodistico.com.mx\/?p=195787"},"modified":"2026-01-15T16:02:32","modified_gmt":"2026-01-15T22:02:32","slug":"fortalece-uprr-su-vinculacion-institucional-con-la-sociedad-civil","status":"publish","type":"post","link":"https:\/\/www.buroperiodistico.com.mx\/?p=195787","title":{"rendered":"Fortalece UPRR su vinculaci\u00f3n institucional con la sociedad civil"},"content":{"rendered":"<p><em><strong><img loading=\"lazy\" decoding=\"async\" class=\" wp-image-195790 alignright\" src=\"https:\/\/www.buroperiodistico.com.mx\/wp-content\/uploads\/2026\/01\/UPRsociedad.jpeg\" alt=\"\" width=\"510\" height=\"319\" srcset=\"https:\/\/www.buroperiodistico.com.mx\/wp-content\/uploads\/2026\/01\/UPRsociedad.jpeg 1024w, https:\/\/www.buroperiodistico.com.mx\/wp-content\/uploads\/2026\/01\/UPRsociedad-300x188.jpeg 300w, https:\/\/www.buroperiodistico.com.mx\/wp-content\/uploads\/2026\/01\/UPRsociedad-768x480.jpeg 768w\" sizes=\"auto, (max-width: 510px) 100vw, 510px\" \/>Miguel Alem\u00e1n, Tamaulipas (15-Enero-2026).-<\/strong><\/em> La Universidad Polit\u00e9cnica de la Regi\u00f3n Ribere\u00f1a (UPRR) llev\u00f3 a cabo la reuni\u00f3n del Consejo Social, un espacio de di\u00e1logo y an\u00e1lisis en el que se abordaron diversos puntos estrat\u00e9gicos orientados al fortalecimiento y crecimiento de la instituci\u00f3n.<\/p>\n<p>H\u00e9ctor Diez Rodr\u00edguez, rector de la universidad, inform\u00f3 que durante la sesi\u00f3n se analizaron temas clave relacionados con el desarrollo acad\u00e9mico, la vinculaci\u00f3n institucional y las acciones que contribuyen a la mejora continua de la universidad, reafirmando el compromiso de trabajar de manera coordinada para impulsar una formaci\u00f3n de calidad en beneficio de la comunidad universitaria.<\/p>\n<p>Expres\u00f3 que, como parte de esta jornada, las y los integrantes del Consejo Social realizaron un recorrido por los laboratorios de la universidad, donde tuvieron la oportunidad de conocer de primera mano los proyectos, pr\u00e1cticas y trabajos que desarrollan las y los estudiantes como parte de su formaci\u00f3n profesional, destacando el enfoque pr\u00e1ctico, la innovaci\u00f3n y la pertinencia de los programas educativos.<\/p>\n<p>Subray\u00f3 la importancia de estos encuentros al se\u00f1alar que el Consejo Social est\u00e1 integrado por mujeres y hombres de la sociedad civil, comprometidos en contribuir al desarrollo educativo de la comunidad, avalando las acciones que implementa la universidad para su crecimiento.<\/p>\n<p>\u201cLa participaci\u00f3n del Consejo Social es fundamental para fortalecer la toma de decisiones y consolidar el crecimiento de nuestra universidad, siempre con una visi\u00f3n orientada al desarrollo acad\u00e9mico y social de nuestra regi\u00f3n\u201d, complement\u00f3.<\/p>\n<p>Agradeci\u00f3 el respaldo del gobernador del Estado, Am\u00e9rico Villarreal Anaya, y del secretario de Educaci\u00f3n, Miguel \u00c1ngel Valdez Garc\u00eda, por su apoyo permanente a la educaci\u00f3n superior y por impulsar pol\u00edticas que fortalecen la vinculaci\u00f3n, la innovaci\u00f3n y el desarrollo integral de las instituciones educativas en beneficio de la juventud tamaulipeca.<\/p>\n<p><img loading=\"lazy\" decoding=\"async\" class=\"aligncenter size-full wp-image-195788\" src=\"https:\/\/www.buroperiodistico.com.mx\/wp-content\/uploads\/2026\/01\/UPRsociedad-I.jpeg\" alt=\"\" width=\"640\" height=\"413\" srcset=\"https:\/\/www.buroperiodistico.com.mx\/wp-content\/uploads\/2026\/01\/UPRsociedad-I.jpeg 640w, https:\/\/www.buroperiodistico.com.mx\/wp-content\/uploads\/2026\/01\/UPRsociedad-I-300x194.jpeg 300w\" sizes=\"auto, (max-width: 640px) 100vw, 640px\" \/> <img loading=\"lazy\" decoding=\"async\" class=\"aligncenter size-full wp-image-195789\" src=\"https:\/\/www.buroperiodistico.com.mx\/wp-content\/uploads\/2026\/01\/UPRsociedad-II.jpeg\" alt=\"\" width=\"640\" height=\"427\" srcset=\"https:\/\/www.buroperiodistico.com.mx\/wp-content\/uploads\/2026\/01\/UPRsociedad-II.jpeg 640w, https:\/\/www.buroperiodistico.com.mx\/wp-content\/uploads\/2026\/01\/UPRsociedad-II-300x200.jpeg 300w\" sizes=\"auto, (max-width: 640px) 100vw, 640px\" \/><\/p>\n","protected":false},"excerpt":{"rendered":"<p>Miguel Alem\u00e1n, Tamaulipas (15-Enero-2026).- La Universidad Polit\u00e9cnica de la Regi\u00f3n Ribere\u00f1a (UPRR) llev\u00f3 a cabo&#8230;<\/p>\n","protected":false},"author":1,"featured_media":195790,"comment_status":"closed","ping_status":"closed","sticky":false,"template":"","format":"standard","meta":{"footnotes":"","jetpack_publicize_message":"","jetpack_publicize_feature_enabled":true,"jetpack_social_post_already_shared":true,"jetpack_social_options":{"image_generator_settings":{"template":"highway","default_image_id":0,"font":"","enabled":false},"version":2}},"categories":[10],"tags":[],"class_list":["post-195787","post","type-post","status-publish","format-standard","has-post-thumbnail","hentry","category-tamaulipas"],"jetpack_publicize_connections":[],"_links":{"self":[{"href":"https:\/\/www.buroperiodistico.com.mx\/index.php?rest_route=\/wp\/v2\/posts\/195787","targetHints":{"allow":["GET"]}}],"collection":[{"href":"https:\/\/www.buroperiodistico.com.mx\/index.php?rest_route=\/wp\/v2\/posts"}],"about":[{"href":"https:\/\/www.buroperiodistico.com.mx\/index.php?rest_route=\/wp\/v2\/types\/post"}],"author":[{"embeddable":true,"href":"https:\/\/www.buroperiodistico.com.mx\/index.php?rest_route=\/wp\/v2\/users\/1"}],"replies":[{"embeddable":true,"href":"https:\/\/www.buroperiodistico.com.mx\/index.php?rest_route=%2Fwp%2Fv2%2Fcomments&post=195787"}],"version-history":[{"count":1,"href":"https:\/\/www.buroperiodistico.com.mx\/index.php?rest_route=\/wp\/v2\/posts\/195787\/revisions"}],"predecessor-version":[{"id":195791,"href":"https:\/\/www.buroperiodistico.com.mx\/index.php?rest_route=\/wp\/v2\/posts\/195787\/revisions\/195791"}],"wp:featuredmedia":[{"embeddable":true,"href":"https:\/\/www.buroperiodistico.com.mx\/index.php?rest_route=\/wp\/v2\/media\/195790"}],"wp:attachment":[{"href":"https:\/\/www.buroperiodistico.com.mx\/index.php?rest_route=%2Fwp%2Fv2%2Fmedia&parent=195787"}],"wp:term":[{"taxonomy":"category","embeddable":true,"href":"https:\/\/www.buroperiodistico.com.mx\/index.php?rest_route=%2Fwp%2Fv2%2Fcategories&post=195787"},{"taxonomy":"post_tag","embeddable":true,"href":"https:\/\/www.buroperiodistico.com.mx\/index.php?rest_route=%2Fwp%2Fv2%2Ftags&post=195787"}],"curies":[{"name":"wp","href":"https:\/\/api.w.org\/{rel}","templated":true}]}}