{"id":195764,"date":"2026-01-15T15:10:51","date_gmt":"2026-01-15T21:10:51","guid":{"rendered":"https:\/\/www.buroperiodistico.com.mx\/?p=195764"},"modified":"2026-01-15T15:10:51","modified_gmt":"2026-01-15T21:10:51","slug":"impulsa-carlos-pena-ortiz-a-comunidad-escolar-con-mas-beneficios-a-la-infraestructura","status":"publish","type":"post","link":"https:\/\/www.buroperiodistico.com.mx\/?p=195764","title":{"rendered":"Impulsa Carlos Pe\u00f1a Ortiz a comunidad escolar con m\u00e1s beneficios a la infraestructura"},"content":{"rendered":"<p><em><strong><img loading=\"lazy\" decoding=\"async\" class=\" wp-image-195771 alignright\" src=\"https:\/\/www.buroperiodistico.com.mx\/wp-content\/uploads\/2026\/01\/Impulxa.jpeg\" alt=\"\" width=\"482\" height=\"290\" srcset=\"https:\/\/www.buroperiodistico.com.mx\/wp-content\/uploads\/2026\/01\/Impulxa.jpeg 1024w, https:\/\/www.buroperiodistico.com.mx\/wp-content\/uploads\/2026\/01\/Impulxa-300x180.jpeg 300w, https:\/\/www.buroperiodistico.com.mx\/wp-content\/uploads\/2026\/01\/Impulxa-768x462.jpeg 768w\" sizes=\"auto, (max-width: 482px) 100vw, 482px\" \/>Reynosa, Tam (15-Enero-2026).-<\/strong><\/em> Un impulso m\u00e1s para fortalecer la educaci\u00f3n en Reynosa, fue materializado por el Alcalde Carlos Pe\u00f1a Ortiz, al entregar una techumbre met\u00e1lica de 400 metros cuadrados a la comunidad escolar de la primaria Mariano Abasolo, que dirige Javier Abdiel Valdiviezo Salazar, quien estuvo acompa\u00f1ado por la ni\u00f1a Camila Yired Altamirano Moreno, alumna de sexto grado.<\/p>\n<p>\u00abLo m\u00e1s importante para hacer estas obras es la inversi\u00f3n en la siguiente generaci\u00f3n, inversi\u00f3n en educaci\u00f3n que nos va a ayudar a que ni\u00f1os y ni\u00f1as tengan mayor soporte para forjarse un mejor futuro\u00bb, dijo el Alcalde, en presencia de la se\u00f1ora Guillerma Yarasema de Luna Vallejo, representante de los padres de familia.<\/p>\n<p>Entre la algarab\u00eda de los ni\u00f1os y el patente agradecimiento por la techumbre de 400 metros cuadrados que cubre el patio c\u00edvico de la instituci\u00f3n ubicada en la colonia Burocr\u00e1tica, padres de familia y personal docente, con visible emoci\u00f3n cortaron el list\u00f3n inaugural con el Presidente Municipal, funcionarios del Ayuntamiento, invitados y miembros del Cabildo.<\/p>\n<p>#ReynosaImparable<br \/>\n#GobiernoMunicipalDeReynosa<\/p>\n<p><img loading=\"lazy\" decoding=\"async\" class=\"aligncenter size-full wp-image-195765\" src=\"https:\/\/www.buroperiodistico.com.mx\/wp-content\/uploads\/2026\/01\/Impulxa-I.jpeg\" alt=\"\" width=\"640\" height=\"427\" srcset=\"https:\/\/www.buroperiodistico.com.mx\/wp-content\/uploads\/2026\/01\/Impulxa-I.jpeg 640w, https:\/\/www.buroperiodistico.com.mx\/wp-content\/uploads\/2026\/01\/Impulxa-I-300x200.jpeg 300w\" sizes=\"auto, (max-width: 640px) 100vw, 640px\" \/> <img loading=\"lazy\" decoding=\"async\" class=\"aligncenter size-full wp-image-195770\" src=\"https:\/\/www.buroperiodistico.com.mx\/wp-content\/uploads\/2026\/01\/Impulxa-IIIIII.jpeg\" alt=\"\" width=\"640\" height=\"390\" srcset=\"https:\/\/www.buroperiodistico.com.mx\/wp-content\/uploads\/2026\/01\/Impulxa-IIIIII.jpeg 640w, https:\/\/www.buroperiodistico.com.mx\/wp-content\/uploads\/2026\/01\/Impulxa-IIIIII-300x183.jpeg 300w\" sizes=\"auto, (max-width: 640px) 100vw, 640px\" \/> <img loading=\"lazy\" decoding=\"async\" class=\"aligncenter size-full wp-image-195769\" src=\"https:\/\/www.buroperiodistico.com.mx\/wp-content\/uploads\/2026\/01\/Impulxa-IIIII.jpeg\" alt=\"\" width=\"636\" height=\"480\" srcset=\"https:\/\/www.buroperiodistico.com.mx\/wp-content\/uploads\/2026\/01\/Impulxa-IIIII.jpeg 636w, https:\/\/www.buroperiodistico.com.mx\/wp-content\/uploads\/2026\/01\/Impulxa-IIIII-300x226.jpeg 300w\" sizes=\"auto, (max-width: 636px) 100vw, 636px\" \/> <img loading=\"lazy\" decoding=\"async\" class=\"aligncenter size-full wp-image-195768\" src=\"https:\/\/www.buroperiodistico.com.mx\/wp-content\/uploads\/2026\/01\/Impulxa-IIII.jpeg\" alt=\"\" width=\"640\" height=\"427\" srcset=\"https:\/\/www.buroperiodistico.com.mx\/wp-content\/uploads\/2026\/01\/Impulxa-IIII.jpeg 640w, https:\/\/www.buroperiodistico.com.mx\/wp-content\/uploads\/2026\/01\/Impulxa-IIII-300x200.jpeg 300w\" sizes=\"auto, (max-width: 640px) 100vw, 640px\" \/> <img loading=\"lazy\" decoding=\"async\" class=\"aligncenter size-full wp-image-195767\" src=\"https:\/\/www.buroperiodistico.com.mx\/wp-content\/uploads\/2026\/01\/Impulxa-III.jpeg\" alt=\"\" width=\"640\" height=\"427\" srcset=\"https:\/\/www.buroperiodistico.com.mx\/wp-content\/uploads\/2026\/01\/Impulxa-III.jpeg 640w, https:\/\/www.buroperiodistico.com.mx\/wp-content\/uploads\/2026\/01\/Impulxa-III-300x200.jpeg 300w\" sizes=\"auto, (max-width: 640px) 100vw, 640px\" \/> <img loading=\"lazy\" decoding=\"async\" class=\"aligncenter size-full wp-image-195766\" src=\"https:\/\/www.buroperiodistico.com.mx\/wp-content\/uploads\/2026\/01\/Impulxa-II.jpeg\" alt=\"\" width=\"640\" height=\"427\" srcset=\"https:\/\/www.buroperiodistico.com.mx\/wp-content\/uploads\/2026\/01\/Impulxa-II.jpeg 640w, https:\/\/www.buroperiodistico.com.mx\/wp-content\/uploads\/2026\/01\/Impulxa-II-300x200.jpeg 300w\" sizes=\"auto, (max-width: 640px) 100vw, 640px\" \/><\/p>\n","protected":false},"excerpt":{"rendered":"<p>Reynosa, Tam (15-Enero-2026).- Un impulso m\u00e1s para fortalecer la educaci\u00f3n en Reynosa, fue materializado por&#8230;<\/p>\n","protected":false},"author":1,"featured_media":195771,"comment_status":"closed","ping_status":"closed","sticky":false,"template":"","format":"standard","meta":{"footnotes":"","jetpack_publicize_message":"","jetpack_publicize_feature_enabled":true,"jetpack_social_post_already_shared":true,"jetpack_social_options":{"image_generator_settings":{"template":"highway","default_image_id":0,"font":"","enabled":false},"version":2}},"categories":[25,9],"tags":[],"class_list":["post-195764","post","type-post","status-publish","format-standard","has-post-thumbnail","hentry","category-portada","category-reynosa"],"jetpack_publicize_connections":[],"_links":{"self":[{"href":"https:\/\/www.buroperiodistico.com.mx\/index.php?rest_route=\/wp\/v2\/posts\/195764","targetHints":{"allow":["GET"]}}],"collection":[{"href":"https:\/\/www.buroperiodistico.com.mx\/index.php?rest_route=\/wp\/v2\/posts"}],"about":[{"href":"https:\/\/www.buroperiodistico.com.mx\/index.php?rest_route=\/wp\/v2\/types\/post"}],"author":[{"embeddable":true,"href":"https:\/\/www.buroperiodistico.com.mx\/index.php?rest_route=\/wp\/v2\/users\/1"}],"replies":[{"embeddable":true,"href":"https:\/\/www.buroperiodistico.com.mx\/index.php?rest_route=%2Fwp%2Fv2%2Fcomments&post=195764"}],"version-history":[{"count":1,"href":"https:\/\/www.buroperiodistico.com.mx\/index.php?rest_route=\/wp\/v2\/posts\/195764\/revisions"}],"predecessor-version":[{"id":195772,"href":"https:\/\/www.buroperiodistico.com.mx\/index.php?rest_route=\/wp\/v2\/posts\/195764\/revisions\/195772"}],"wp:featuredmedia":[{"embeddable":true,"href":"https:\/\/www.buroperiodistico.com.mx\/index.php?rest_route=\/wp\/v2\/media\/195771"}],"wp:attachment":[{"href":"https:\/\/www.buroperiodistico.com.mx\/index.php?rest_route=%2Fwp%2Fv2%2Fmedia&parent=195764"}],"wp:term":[{"taxonomy":"category","embeddable":true,"href":"https:\/\/www.buroperiodistico.com.mx\/index.php?rest_route=%2Fwp%2Fv2%2Fcategories&post=195764"},{"taxonomy":"post_tag","embeddable":true,"href":"https:\/\/www.buroperiodistico.com.mx\/index.php?rest_route=%2Fwp%2Fv2%2Ftags&post=195764"}],"curies":[{"name":"wp","href":"https:\/\/api.w.org\/{rel}","templated":true}]}}