{"id":195752,"date":"2026-01-15T14:57:41","date_gmt":"2026-01-15T20:57:41","guid":{"rendered":"https:\/\/www.buroperiodistico.com.mx\/?p=195752"},"modified":"2026-01-15T14:57:41","modified_gmt":"2026-01-15T20:57:41","slug":"congreso-de-tamaulipas-va-por-mas-sirviendo-al-pueblo","status":"publish","type":"post","link":"https:\/\/www.buroperiodistico.com.mx\/?p=195752","title":{"rendered":"Congreso de Tamaulipas va por m\u00e1s, sirviendo al pueblo"},"content":{"rendered":"<p><em><strong><img loading=\"lazy\" decoding=\"async\" class=\" wp-image-195757 alignright\" src=\"https:\/\/www.buroperiodistico.com.mx\/wp-content\/uploads\/2026\/01\/Congrexo.jpeg\" alt=\"\" width=\"522\" height=\"325\" srcset=\"https:\/\/www.buroperiodistico.com.mx\/wp-content\/uploads\/2026\/01\/Congrexo.jpeg 1024w, https:\/\/www.buroperiodistico.com.mx\/wp-content\/uploads\/2026\/01\/Congrexo-300x187.jpeg 300w, https:\/\/www.buroperiodistico.com.mx\/wp-content\/uploads\/2026\/01\/Congrexo-768x479.jpeg 768w\" sizes=\"auto, (max-width: 522px) 100vw, 522px\" \/>Cd. Victoria, Tam (15-Enero-2026).-<\/strong><\/em> Al inicio de su segundo periodo ordinario de sesiones, la Legislatura 66 Local refrend\u00f3 su compromiso con las causas ciudadanas, as\u00ed como redoblar el esfuerzo para avanzar en las posiciones que ya le ponen entre las m\u00e1s aventajadas del pa\u00eds.<\/p>\n<p>En sesi\u00f3n solemne de instalaci\u00f3n, con la presencia de los representantes de los otros dos poderes del estado, el diputado Presidente de la mesa de los trabajos, Sergio Ojeda Castillo, resalt\u00f3 con orgullo, que el Congreso de Tamaulipas ha sido reconocido a nivel nacional (por su desempe\u00f1o, estructura y eficiencia administrativa) por el INEGI como uno de los m\u00e1s eficientes y eficaces del pa\u00eds.<\/p>\n<p>\u201cLas cifras, aunque positivas y resultado del trabajo de todas y todos los legisladores, obedecen a una raz\u00f3n fundamental: el liderazgo de nuestro presidente de la Junta de Gobierno, Humberto Prieto Herrera, quien en una reciente encuesta nacional es considerado uno de los cinco presidentes de congresos con mayor visibilidad y aprobaci\u00f3n ciudadana\u201d, destac\u00f3.<\/p>\n<p>Entre los logros cont\u00f3 ser el lugar cinco a nivel nacional en temas presentados, haciendo m\u00e1s con menos.<\/p>\n<p>Otros ejemplos de liderazgo, la paridad de g\u00e9nero en la integraci\u00f3n de la planta laboral del Congreso que representa el 51 por ciento; ser el n\u00famero 5 a nivel nacional en cantidad de iniciativas resueltas y sexto lugar en porcentaje.<\/p>\n<p>\u201cMi mayor empe\u00f1o, no es s\u00f3lo conservar el privilegio de \u00e9ste Poder, sino llegar a ser el n\u00famero uno del Pa\u00eds\u201d, expres\u00f3.<\/p>\n<p>Ojeda Castillo ofreci\u00f3 presidir la Mesa Directiva con dignidad, respeto, congruencia y apertura al di\u00e1logo, asumiendo con responsabilidad el compromiso de colaborar en la construcci\u00f3n de las rutas que lleven a buen puerto los trabajos legislativos, procurando los consensos, acuerdos y acciones necesarias para que la vida legislativa impacte en la transformaci\u00f3n de Tamaulipas y su pueblo.<\/p>\n<p>Y convoc\u00f3 a los distintos Grupos Parlamentarios, Fracciones y Representaciones Partidistas a redoblar esfuerzos y trabajar de manera unida, garantizando que cada voz sea escuchada: que la ciudadan\u00eda tenga la certeza de que sus representantes legislativos impulsan las reformas que Tamaulipas necesita.<\/p>\n<p>Durante la sesi\u00f3n de apertura se cont\u00f3 con la presencia del Secretario General de Gobierno H\u00e9ctor Joel Villegas Gonz\u00e1lez, en representaci\u00f3n personal del gobernador Am\u00e9rico Villarreal Anaya, as\u00ed como de Tania Gisela Contreras L\u00f3pez, presidenta del Supremo Tribunal de Justicia del Estado, reafirmando la coordinaci\u00f3n y el respeto entre los Poderes del Estado.<\/p>\n<p>Entre los invitados, en galer\u00edas, adem\u00e1s estuvieron consejeros y magistrados, integrantes del gabinete estatal, servidores p\u00fablicos federales y de entes aut\u00f3nomos, alcaldes y legisladores federales.<\/p>\n<p><img loading=\"lazy\" decoding=\"async\" class=\"aligncenter size-full wp-image-195753\" src=\"https:\/\/www.buroperiodistico.com.mx\/wp-content\/uploads\/2026\/01\/Congrexo-I.jpeg\" alt=\"\" width=\"640\" height=\"427\" srcset=\"https:\/\/www.buroperiodistico.com.mx\/wp-content\/uploads\/2026\/01\/Congrexo-I.jpeg 640w, https:\/\/www.buroperiodistico.com.mx\/wp-content\/uploads\/2026\/01\/Congrexo-I-300x200.jpeg 300w\" sizes=\"auto, (max-width: 640px) 100vw, 640px\" \/> <img loading=\"lazy\" decoding=\"async\" class=\"aligncenter size-full wp-image-195756\" src=\"https:\/\/www.buroperiodistico.com.mx\/wp-content\/uploads\/2026\/01\/Congrexo-IIII.jpeg\" alt=\"\" width=\"640\" height=\"427\" srcset=\"https:\/\/www.buroperiodistico.com.mx\/wp-content\/uploads\/2026\/01\/Congrexo-IIII.jpeg 640w, https:\/\/www.buroperiodistico.com.mx\/wp-content\/uploads\/2026\/01\/Congrexo-IIII-300x200.jpeg 300w\" sizes=\"auto, (max-width: 640px) 100vw, 640px\" \/> <img loading=\"lazy\" decoding=\"async\" class=\"aligncenter size-full wp-image-195755\" src=\"https:\/\/www.buroperiodistico.com.mx\/wp-content\/uploads\/2026\/01\/Congrexo-III.jpeg\" alt=\"\" width=\"640\" height=\"427\" srcset=\"https:\/\/www.buroperiodistico.com.mx\/wp-content\/uploads\/2026\/01\/Congrexo-III.jpeg 640w, https:\/\/www.buroperiodistico.com.mx\/wp-content\/uploads\/2026\/01\/Congrexo-III-300x200.jpeg 300w\" sizes=\"auto, (max-width: 640px) 100vw, 640px\" \/> <img loading=\"lazy\" decoding=\"async\" class=\"aligncenter size-full wp-image-195754\" src=\"https:\/\/www.buroperiodistico.com.mx\/wp-content\/uploads\/2026\/01\/Congrexo-II.jpeg\" alt=\"\" width=\"640\" height=\"427\" srcset=\"https:\/\/www.buroperiodistico.com.mx\/wp-content\/uploads\/2026\/01\/Congrexo-II.jpeg 640w, https:\/\/www.buroperiodistico.com.mx\/wp-content\/uploads\/2026\/01\/Congrexo-II-300x200.jpeg 300w\" sizes=\"auto, (max-width: 640px) 100vw, 640px\" \/><\/p>\n","protected":false},"excerpt":{"rendered":"<p>Cd. Victoria, Tam (15-Enero-2026).- Al inicio de su segundo periodo ordinario de sesiones, la Legislatura&#8230;<\/p>\n","protected":false},"author":1,"featured_media":195757,"comment_status":"closed","ping_status":"closed","sticky":false,"template":"","format":"standard","meta":{"footnotes":"","jetpack_publicize_message":"","jetpack_publicize_feature_enabled":true,"jetpack_social_post_already_shared":true,"jetpack_social_options":{"image_generator_settings":{"template":"highway","default_image_id":0,"font":"","enabled":false},"version":2}},"categories":[17],"tags":[],"class_list":["post-195752","post","type-post","status-publish","format-standard","has-post-thumbnail","hentry","category-ciudadvictoria"],"jetpack_publicize_connections":[],"_links":{"self":[{"href":"https:\/\/www.buroperiodistico.com.mx\/index.php?rest_route=\/wp\/v2\/posts\/195752","targetHints":{"allow":["GET"]}}],"collection":[{"href":"https:\/\/www.buroperiodistico.com.mx\/index.php?rest_route=\/wp\/v2\/posts"}],"about":[{"href":"https:\/\/www.buroperiodistico.com.mx\/index.php?rest_route=\/wp\/v2\/types\/post"}],"author":[{"embeddable":true,"href":"https:\/\/www.buroperiodistico.com.mx\/index.php?rest_route=\/wp\/v2\/users\/1"}],"replies":[{"embeddable":true,"href":"https:\/\/www.buroperiodistico.com.mx\/index.php?rest_route=%2Fwp%2Fv2%2Fcomments&post=195752"}],"version-history":[{"count":1,"href":"https:\/\/www.buroperiodistico.com.mx\/index.php?rest_route=\/wp\/v2\/posts\/195752\/revisions"}],"predecessor-version":[{"id":195758,"href":"https:\/\/www.buroperiodistico.com.mx\/index.php?rest_route=\/wp\/v2\/posts\/195752\/revisions\/195758"}],"wp:featuredmedia":[{"embeddable":true,"href":"https:\/\/www.buroperiodistico.com.mx\/index.php?rest_route=\/wp\/v2\/media\/195757"}],"wp:attachment":[{"href":"https:\/\/www.buroperiodistico.com.mx\/index.php?rest_route=%2Fwp%2Fv2%2Fmedia&parent=195752"}],"wp:term":[{"taxonomy":"category","embeddable":true,"href":"https:\/\/www.buroperiodistico.com.mx\/index.php?rest_route=%2Fwp%2Fv2%2Fcategories&post=195752"},{"taxonomy":"post_tag","embeddable":true,"href":"https:\/\/www.buroperiodistico.com.mx\/index.php?rest_route=%2Fwp%2Fv2%2Ftags&post=195752"}],"curies":[{"name":"wp","href":"https:\/\/api.w.org\/{rel}","templated":true}]}}