{"id":195733,"date":"2026-01-15T11:14:03","date_gmt":"2026-01-15T17:14:03","guid":{"rendered":"https:\/\/www.buroperiodistico.com.mx\/?p=195733"},"modified":"2026-01-15T11:14:03","modified_gmt":"2026-01-15T17:14:03","slug":"fortalece-dif-reynosa-la-formacion-profesional-de-alumnas-y-alumnos-de-cedif","status":"publish","type":"post","link":"https:\/\/www.buroperiodistico.com.mx\/?p=195733","title":{"rendered":"Fortalece DIF-Reynosa la formaci\u00f3n profesional de alumnas y alumnos de CEDIF"},"content":{"rendered":"<ul>\n<li><strong><em>Con Pr\u00e1cticas hospitalarias.<\/em><\/strong><\/li>\n<\/ul>\n<p><strong><img loading=\"lazy\" decoding=\"async\" class=\" wp-image-195736 alignright\" src=\"https:\/\/www.buroperiodistico.com.mx\/wp-content\/uploads\/2026\/01\/Alcax-1.jpeg\" alt=\"\" width=\"483\" height=\"288\" srcset=\"https:\/\/www.buroperiodistico.com.mx\/wp-content\/uploads\/2026\/01\/Alcax-1.jpeg 1024w, https:\/\/www.buroperiodistico.com.mx\/wp-content\/uploads\/2026\/01\/Alcax-1-300x179.jpeg 300w, https:\/\/www.buroperiodistico.com.mx\/wp-content\/uploads\/2026\/01\/Alcax-1-768x458.jpeg 768w\" sizes=\"auto, (max-width: 483px) 100vw, 483px\" \/>Reynosa, Tam (15-Enero-2026).-<\/strong> Gracias al impulso del Alcalde Carlos Pe\u00f1a Ortiz, el Sistema DIF-Reynosa que preside Carlos Luis Pe\u00f1a Garza, a trav\u00e9s de las pr\u00e1cticas hospitalarias otorga un beneficio directo en la formaci\u00f3n de las y los alumnos del taller de Auxiliar de Enfermer\u00eda del CEDIF Reynosa, al permitirles consolidar conocimientos te\u00f3ricos, desarrollar habilidades cl\u00ednicas y adquirir experiencia real.<\/p>\n<p>\u00abA lo largo de su formaci\u00f3n han adquirido conocimientos fundamentales que, a partir de hoy, deber\u00e1n aplicar en escenarios reales de atenci\u00f3n a la salud, demostrando su capacidad profesional, su sentido humano y vocaci\u00f3n de servicio, recuerden que est\u00e1n aqu\u00ed para aprender, pero tambi\u00e9n para contribuir a mejorar la calidad de vida de los pacientes y sus familias\u00bb, dijo la Directora General del DIF-Reynosa, Ing. Gabriela Rosas Blanco, a los 70 alumnas y alumnos de los CEDIF Hidalgo y CEDIF Jarachina que iniciaron esta etapa de su preparaci\u00f3n acad\u00e9mica en el Hospital General, Hospital ISSSTE y Hospital Materno Infantil Reynosa.<\/p>\n<p>\u00abAgradezco al presidente Municipal de Reynosa, Lic. Carlos Pe\u00f1a Ortiz, as\u00ed como al presidente del Patronato del Sistema DIF Reynosa, Lic. Carlos Luis Pe\u00f1a Garza, por reafirmar con acciones su gran compromiso con la educaci\u00f3n y el desarrollo profesional de los reynosenses\u00bb.<\/p>\n<p>Acompa\u00f1aron al Alcalde y al Presidente del Patronato DIF-Reynosa, el Subdirector del Hospital General Reynosa, doctor Felipe Alcal\u00e1 Espinosa, la coordinadora de la Comisi\u00f3n de Salud del Cabildo, Mar\u00eda Anselma Herrera Rodr\u00edguez y la coordinadora del CEDIF, Cinthia Mart\u00ednez Hern\u00e1ndez.<\/p>\n<p><img loading=\"lazy\" decoding=\"async\" class=\"aligncenter size-full wp-image-195734\" src=\"https:\/\/www.buroperiodistico.com.mx\/wp-content\/uploads\/2026\/01\/Alcax-I-1.jpeg\" alt=\"\" width=\"640\" height=\"427\" srcset=\"https:\/\/www.buroperiodistico.com.mx\/wp-content\/uploads\/2026\/01\/Alcax-I-1.jpeg 640w, https:\/\/www.buroperiodistico.com.mx\/wp-content\/uploads\/2026\/01\/Alcax-I-1-300x200.jpeg 300w\" sizes=\"auto, (max-width: 640px) 100vw, 640px\" \/> <img loading=\"lazy\" decoding=\"async\" class=\"aligncenter size-full wp-image-195735\" src=\"https:\/\/www.buroperiodistico.com.mx\/wp-content\/uploads\/2026\/01\/Alcax-II-1.jpeg\" alt=\"\" width=\"640\" height=\"427\" srcset=\"https:\/\/www.buroperiodistico.com.mx\/wp-content\/uploads\/2026\/01\/Alcax-II-1.jpeg 640w, https:\/\/www.buroperiodistico.com.mx\/wp-content\/uploads\/2026\/01\/Alcax-II-1-300x200.jpeg 300w\" sizes=\"auto, (max-width: 640px) 100vw, 640px\" \/><\/p>\n","protected":false},"excerpt":{"rendered":"<p>Con Pr\u00e1cticas hospitalarias. Reynosa, Tam (15-Enero-2026).- Gracias al impulso del Alcalde Carlos Pe\u00f1a Ortiz, el&#8230;<\/p>\n","protected":false},"author":1,"featured_media":195736,"comment_status":"closed","ping_status":"closed","sticky":false,"template":"","format":"standard","meta":{"footnotes":"","jetpack_publicize_message":"","jetpack_publicize_feature_enabled":true,"jetpack_social_post_already_shared":true,"jetpack_social_options":{"image_generator_settings":{"template":"highway","default_image_id":0,"font":"","enabled":false},"version":2}},"categories":[25,9],"tags":[],"class_list":["post-195733","post","type-post","status-publish","format-standard","has-post-thumbnail","hentry","category-portada","category-reynosa"],"jetpack_publicize_connections":[],"_links":{"self":[{"href":"https:\/\/www.buroperiodistico.com.mx\/index.php?rest_route=\/wp\/v2\/posts\/195733","targetHints":{"allow":["GET"]}}],"collection":[{"href":"https:\/\/www.buroperiodistico.com.mx\/index.php?rest_route=\/wp\/v2\/posts"}],"about":[{"href":"https:\/\/www.buroperiodistico.com.mx\/index.php?rest_route=\/wp\/v2\/types\/post"}],"author":[{"embeddable":true,"href":"https:\/\/www.buroperiodistico.com.mx\/index.php?rest_route=\/wp\/v2\/users\/1"}],"replies":[{"embeddable":true,"href":"https:\/\/www.buroperiodistico.com.mx\/index.php?rest_route=%2Fwp%2Fv2%2Fcomments&post=195733"}],"version-history":[{"count":1,"href":"https:\/\/www.buroperiodistico.com.mx\/index.php?rest_route=\/wp\/v2\/posts\/195733\/revisions"}],"predecessor-version":[{"id":195737,"href":"https:\/\/www.buroperiodistico.com.mx\/index.php?rest_route=\/wp\/v2\/posts\/195733\/revisions\/195737"}],"wp:featuredmedia":[{"embeddable":true,"href":"https:\/\/www.buroperiodistico.com.mx\/index.php?rest_route=\/wp\/v2\/media\/195736"}],"wp:attachment":[{"href":"https:\/\/www.buroperiodistico.com.mx\/index.php?rest_route=%2Fwp%2Fv2%2Fmedia&parent=195733"}],"wp:term":[{"taxonomy":"category","embeddable":true,"href":"https:\/\/www.buroperiodistico.com.mx\/index.php?rest_route=%2Fwp%2Fv2%2Fcategories&post=195733"},{"taxonomy":"post_tag","embeddable":true,"href":"https:\/\/www.buroperiodistico.com.mx\/index.php?rest_route=%2Fwp%2Fv2%2Ftags&post=195733"}],"curies":[{"name":"wp","href":"https:\/\/api.w.org\/{rel}","templated":true}]}}