{"id":195719,"date":"2026-01-14T20:33:39","date_gmt":"2026-01-15T02:33:39","guid":{"rendered":"https:\/\/www.buroperiodistico.com.mx\/?p=195719"},"modified":"2026-01-14T20:33:39","modified_gmt":"2026-01-15T02:33:39","slug":"anuncio-apostolico-y-30-obispos-de-mexico-ordenan-a-nuevo-obispo-en-nuevo-laredo","status":"publish","type":"post","link":"https:\/\/www.buroperiodistico.com.mx\/?p=195719","title":{"rendered":"ANUNCIO APOST\u00d3LICO Y 30 OBISPOS DE M\u00c9XICO, \u00a0ORDENAN A NUEVO OBISPO EN NUEVO LAREDO"},"content":{"rendered":"<p><em><strong><img loading=\"lazy\" decoding=\"async\" class=\" wp-image-195724 alignright\" src=\"https:\/\/www.buroperiodistico.com.mx\/wp-content\/uploads\/2026\/01\/CLCR-OBISPO.jpg\" alt=\"\" width=\"405\" height=\"249\" srcset=\"https:\/\/www.buroperiodistico.com.mx\/wp-content\/uploads\/2026\/01\/CLCR-OBISPO.jpg 1024w, https:\/\/www.buroperiodistico.com.mx\/wp-content\/uploads\/2026\/01\/CLCR-OBISPO-300x185.jpg 300w, https:\/\/www.buroperiodistico.com.mx\/wp-content\/uploads\/2026\/01\/CLCR-OBISPO-768x473.jpg 768w\" sizes=\"auto, (max-width: 405px) 100vw, 405px\" \/>Nuevo Laredo, Tam (14-Enero-2026).-<\/strong><\/em> Nuevo Laredo vivi\u00f3 un momento hist\u00f3rico al convertirse en sede de la ceremonia de ordenaci\u00f3n episcopal de Monse\u00f1or Luis Carlos Lerma Mart\u00ednez, un acontecimiento sin precedentes que reuni\u00f3 a 30 obispos de diferentes partes del pa\u00eds, as\u00ed como una amplia comunidad proveniente de distintos puntos del noreste del pa\u00eds.<\/p>\n<p>Este evento de alto significado espiritual y social; en este marco, la presidenta municipal, Carmen Lilia Canturosas acudi\u00f3 a la solemne ceremonia, refrendando con su presencia la relevancia institucional del acto y el compromiso de su gobierno con el respeto, la pluralidad y la vida comunitaria.<\/p>\n<p>La ceremonia se llev\u00f3 a cabo en la Catedral del Esp\u00edritu Santo, donde se congregaron cientos de familias, l\u00edderes religiosos y fieles provenientes de distintos puntos del noreste del pa\u00eds, en un encuentro sin precedentes que cont\u00f3 con la distinguida presencia de Monse\u00f1or Joseph Spiteri, Nuncio Apost\u00f3lico en M\u00e9xico, representante del Vaticano en el pa\u00eds.<\/p>\n<p>La alcaldesa destac\u00f3 la trascendencia del momento que vive la Di\u00f3cesis y el impacto positivo que tiene para la vida p\u00fablica y social de la ciudad, subrayando el respeto institucional del Gobierno Municipal hacia todas las creencias y expresiones de fe.<\/p>\n<p>\u201cUsted llega hoy para convertirse en el cuarto Obispo de la Di\u00f3cesis de Nuevo Laredo, y lo hace en una etapa de gran optimismo y renovaci\u00f3n, donde su presencia viene a fortalecer el esp\u00edritu de unidad que tanto nos distingue como comunidad. La fe es, sin duda, un motor poderoso que mueve voluntades y transforma realidades. En el Gobierno Municipal que me honro en encabezar, estamos convencidos de que la promoci\u00f3n de los valores, el respeto, la solidaridad y la paz, es el camino m\u00e1s s\u00f3lido para construir la sociedad que todos anhelamos\u201d, expres\u00f3.<\/p>\n<p>La alcaldesa, \u00a0refrend\u00f3 la disposici\u00f3n del Gobierno Municipal para mantener una relaci\u00f3n de colaboraci\u00f3n institucional con todas las organizaciones religiosas, siempre en un marco de respeto, pluralidad y di\u00e1logo, orientado al bienestar colectivo.<\/p>\n<p>\u201cQuiero reiterar hoy el compromiso total de esta administraci\u00f3n para coadyuvar con usted y con todos los grupos religiosos de nuestra ciudad. Nuestra meta es com\u00fan: trabajar por la cohesi\u00f3n social, por el bienestar de nuestras familias y por un Nuevo Laredo donde la armon\u00eda sea el lenguaje que nos una a todos\u201d, se\u00f1al\u00f3.<\/p>\n<p>Con su presencia en este acontecimiento, la presidenta municipal reafirma el car\u00e1cter institucional, incluyente y respetuoso de su gobierno, reconociendo el papel que las distintas expresiones de fe desempe\u00f1an en la construcci\u00f3n del tejido social y en la promoci\u00f3n de valores que fortalecen la convivencia y la paz en Nuevo Laredo.<\/p>\n<p><img loading=\"lazy\" decoding=\"async\" class=\"aligncenter size-full wp-image-195720\" src=\"https:\/\/www.buroperiodistico.com.mx\/wp-content\/uploads\/2026\/01\/CLCR-OBISPO-I.jpg\" alt=\"\" width=\"640\" height=\"428\" srcset=\"https:\/\/www.buroperiodistico.com.mx\/wp-content\/uploads\/2026\/01\/CLCR-OBISPO-I.jpg 640w, https:\/\/www.buroperiodistico.com.mx\/wp-content\/uploads\/2026\/01\/CLCR-OBISPO-I-300x201.jpg 300w\" sizes=\"auto, (max-width: 640px) 100vw, 640px\" \/> <img loading=\"lazy\" decoding=\"async\" class=\"aligncenter size-full wp-image-195723\" src=\"https:\/\/www.buroperiodistico.com.mx\/wp-content\/uploads\/2026\/01\/CLCR-OBISPO-IIII.jpg\" alt=\"\" width=\"640\" height=\"428\" srcset=\"https:\/\/www.buroperiodistico.com.mx\/wp-content\/uploads\/2026\/01\/CLCR-OBISPO-IIII.jpg 640w, https:\/\/www.buroperiodistico.com.mx\/wp-content\/uploads\/2026\/01\/CLCR-OBISPO-IIII-300x201.jpg 300w\" sizes=\"auto, (max-width: 640px) 100vw, 640px\" \/> <img loading=\"lazy\" decoding=\"async\" class=\"aligncenter size-full wp-image-195722\" src=\"https:\/\/www.buroperiodistico.com.mx\/wp-content\/uploads\/2026\/01\/CLCR-OBISPO-III.jpg\" alt=\"\" width=\"640\" height=\"428\" srcset=\"https:\/\/www.buroperiodistico.com.mx\/wp-content\/uploads\/2026\/01\/CLCR-OBISPO-III.jpg 640w, https:\/\/www.buroperiodistico.com.mx\/wp-content\/uploads\/2026\/01\/CLCR-OBISPO-III-300x201.jpg 300w\" sizes=\"auto, (max-width: 640px) 100vw, 640px\" \/> <img loading=\"lazy\" decoding=\"async\" class=\"aligncenter size-full wp-image-195721\" src=\"https:\/\/www.buroperiodistico.com.mx\/wp-content\/uploads\/2026\/01\/CLCR-OBISPO-II.jpg\" alt=\"\" width=\"640\" height=\"428\" srcset=\"https:\/\/www.buroperiodistico.com.mx\/wp-content\/uploads\/2026\/01\/CLCR-OBISPO-II.jpg 640w, https:\/\/www.buroperiodistico.com.mx\/wp-content\/uploads\/2026\/01\/CLCR-OBISPO-II-300x201.jpg 300w\" sizes=\"auto, (max-width: 640px) 100vw, 640px\" \/><\/p>\n","protected":false},"excerpt":{"rendered":"<p>Nuevo Laredo, Tam (14-Enero-2026).- Nuevo Laredo vivi\u00f3 un momento hist\u00f3rico al convertirse en sede de&#8230;<\/p>\n","protected":false},"author":1,"featured_media":195724,"comment_status":"closed","ping_status":"closed","sticky":false,"template":"","format":"standard","meta":{"footnotes":"","jetpack_publicize_message":"","jetpack_publicize_feature_enabled":true,"jetpack_social_post_already_shared":true,"jetpack_social_options":{"image_generator_settings":{"template":"highway","default_image_id":0,"font":"","enabled":false},"version":2}},"categories":[16,25],"tags":[],"class_list":["post-195719","post","type-post","status-publish","format-standard","has-post-thumbnail","hentry","category-nuevolaredo","category-portada"],"jetpack_publicize_connections":[],"_links":{"self":[{"href":"https:\/\/www.buroperiodistico.com.mx\/index.php?rest_route=\/wp\/v2\/posts\/195719","targetHints":{"allow":["GET"]}}],"collection":[{"href":"https:\/\/www.buroperiodistico.com.mx\/index.php?rest_route=\/wp\/v2\/posts"}],"about":[{"href":"https:\/\/www.buroperiodistico.com.mx\/index.php?rest_route=\/wp\/v2\/types\/post"}],"author":[{"embeddable":true,"href":"https:\/\/www.buroperiodistico.com.mx\/index.php?rest_route=\/wp\/v2\/users\/1"}],"replies":[{"embeddable":true,"href":"https:\/\/www.buroperiodistico.com.mx\/index.php?rest_route=%2Fwp%2Fv2%2Fcomments&post=195719"}],"version-history":[{"count":1,"href":"https:\/\/www.buroperiodistico.com.mx\/index.php?rest_route=\/wp\/v2\/posts\/195719\/revisions"}],"predecessor-version":[{"id":195725,"href":"https:\/\/www.buroperiodistico.com.mx\/index.php?rest_route=\/wp\/v2\/posts\/195719\/revisions\/195725"}],"wp:featuredmedia":[{"embeddable":true,"href":"https:\/\/www.buroperiodistico.com.mx\/index.php?rest_route=\/wp\/v2\/media\/195724"}],"wp:attachment":[{"href":"https:\/\/www.buroperiodistico.com.mx\/index.php?rest_route=%2Fwp%2Fv2%2Fmedia&parent=195719"}],"wp:term":[{"taxonomy":"category","embeddable":true,"href":"https:\/\/www.buroperiodistico.com.mx\/index.php?rest_route=%2Fwp%2Fv2%2Fcategories&post=195719"},{"taxonomy":"post_tag","embeddable":true,"href":"https:\/\/www.buroperiodistico.com.mx\/index.php?rest_route=%2Fwp%2Fv2%2Ftags&post=195719"}],"curies":[{"name":"wp","href":"https:\/\/api.w.org\/{rel}","templated":true}]}}