{"id":195713,"date":"2026-01-14T20:19:07","date_gmt":"2026-01-15T02:19:07","guid":{"rendered":"https:\/\/www.buroperiodistico.com.mx\/?p=195713"},"modified":"2026-01-14T20:19:07","modified_gmt":"2026-01-15T02:19:07","slug":"elige-legislatura-66-terna-para-la-designacion-de-titular-de-la-fiscalia-especializada-en-combate-a-la-corrupcion","status":"publish","type":"post","link":"https:\/\/www.buroperiodistico.com.mx\/?p=195713","title":{"rendered":"Elige Legislatura 66 terna para la designaci\u00f3n de titular de la Fiscal\u00eda Especializada en Combate a la Corrupci\u00f3n"},"content":{"rendered":"<p><em><strong><img loading=\"lazy\" decoding=\"async\" class=\" wp-image-195714 alignright\" src=\"https:\/\/www.buroperiodistico.com.mx\/wp-content\/uploads\/2026\/01\/Congrexx.jpeg\" alt=\"\" width=\"549\" height=\"366\" srcset=\"https:\/\/www.buroperiodistico.com.mx\/wp-content\/uploads\/2026\/01\/Congrexx.jpeg 1600w, https:\/\/www.buroperiodistico.com.mx\/wp-content\/uploads\/2026\/01\/Congrexx-300x200.jpeg 300w, https:\/\/www.buroperiodistico.com.mx\/wp-content\/uploads\/2026\/01\/Congrexx-1024x682.jpeg 1024w, https:\/\/www.buroperiodistico.com.mx\/wp-content\/uploads\/2026\/01\/Congrexx-768x512.jpeg 768w, https:\/\/www.buroperiodistico.com.mx\/wp-content\/uploads\/2026\/01\/Congrexx-1536x1023.jpeg 1536w\" sizes=\"auto, (max-width: 549px) 100vw, 549px\" \/>Cd. Victoria, Tam (14-Enero-2026).-<\/strong><\/em> Eligen las y los diputados a 3 personas id\u00f3neas que continuar\u00e1n en el proceso para la designaci\u00f3n de la persona titular de la Fiscal\u00eda Especializada en Combate a la Corrupci\u00f3n, adscrita a la Fiscal\u00eda General de Justicia del Estado.<\/p>\n<p>Al respecto, la diputada presidenta de la Mesa Directiva, Ana Laura Huerta Valdovinos, inform\u00f3 que, derivado de la votaci\u00f3n realizada mediante c\u00e9dula, resultaron electos el C. Andr\u00e9s Norberto Garc\u00eda Repper Favila, la C. Julieta Elena Mart\u00ednez Trejo y el C. Miguel \u00c1ngel Doria Ram\u00edrez.<\/p>\n<p>Precis\u00f3 que dichas personas fueron seleccionadas de entre un total de 19 aspirantes que acreditaron el cumplimiento de los requisitos establecidos en la convocatoria correspondiente y que participaron en las entrevistas realizadas como parte del procedimiento legislativo, consider\u00e1ndolos id\u00f3neos para someterse al examen de control de confianza, etapa previa a la designaci\u00f3n de la persona titular de la Fiscal\u00eda Especializada en Combate a la Corrupci\u00f3n.<\/p>\n<p>La legisladora se\u00f1al\u00f3 que, una vez que la Presidencia de la Mesa Directiva reciba los resultados de los ex\u00e1menes de control de confianza, se citar\u00e1 a las y los integrantes del Pleno Legislativo para llevar a cabo la designaci\u00f3n, de entre las personas que hubieran resultado aprobadas, de quien ocupar\u00e1 la titularidad de la Fiscal\u00eda Especializada en Combate a la Corrupci\u00f3n.<\/p>\n","protected":false},"excerpt":{"rendered":"<p>Cd. Victoria, Tam (14-Enero-2026).- Eligen las y los diputados a 3 personas id\u00f3neas que continuar\u00e1n&#8230;<\/p>\n","protected":false},"author":1,"featured_media":195714,"comment_status":"closed","ping_status":"closed","sticky":false,"template":"","format":"standard","meta":{"footnotes":"","jetpack_publicize_message":"","jetpack_publicize_feature_enabled":true,"jetpack_social_post_already_shared":true,"jetpack_social_options":{"image_generator_settings":{"template":"highway","default_image_id":0,"font":"","enabled":false},"version":2}},"categories":[17],"tags":[],"class_list":["post-195713","post","type-post","status-publish","format-standard","has-post-thumbnail","hentry","category-ciudadvictoria"],"jetpack_publicize_connections":[],"_links":{"self":[{"href":"https:\/\/www.buroperiodistico.com.mx\/index.php?rest_route=\/wp\/v2\/posts\/195713","targetHints":{"allow":["GET"]}}],"collection":[{"href":"https:\/\/www.buroperiodistico.com.mx\/index.php?rest_route=\/wp\/v2\/posts"}],"about":[{"href":"https:\/\/www.buroperiodistico.com.mx\/index.php?rest_route=\/wp\/v2\/types\/post"}],"author":[{"embeddable":true,"href":"https:\/\/www.buroperiodistico.com.mx\/index.php?rest_route=\/wp\/v2\/users\/1"}],"replies":[{"embeddable":true,"href":"https:\/\/www.buroperiodistico.com.mx\/index.php?rest_route=%2Fwp%2Fv2%2Fcomments&post=195713"}],"version-history":[{"count":1,"href":"https:\/\/www.buroperiodistico.com.mx\/index.php?rest_route=\/wp\/v2\/posts\/195713\/revisions"}],"predecessor-version":[{"id":195715,"href":"https:\/\/www.buroperiodistico.com.mx\/index.php?rest_route=\/wp\/v2\/posts\/195713\/revisions\/195715"}],"wp:featuredmedia":[{"embeddable":true,"href":"https:\/\/www.buroperiodistico.com.mx\/index.php?rest_route=\/wp\/v2\/media\/195714"}],"wp:attachment":[{"href":"https:\/\/www.buroperiodistico.com.mx\/index.php?rest_route=%2Fwp%2Fv2%2Fmedia&parent=195713"}],"wp:term":[{"taxonomy":"category","embeddable":true,"href":"https:\/\/www.buroperiodistico.com.mx\/index.php?rest_route=%2Fwp%2Fv2%2Fcategories&post=195713"},{"taxonomy":"post_tag","embeddable":true,"href":"https:\/\/www.buroperiodistico.com.mx\/index.php?rest_route=%2Fwp%2Fv2%2Ftags&post=195713"}],"curies":[{"name":"wp","href":"https:\/\/api.w.org\/{rel}","templated":true}]}}