{"id":195710,"date":"2026-01-14T20:15:43","date_gmt":"2026-01-15T02:15:43","guid":{"rendered":"https:\/\/www.buroperiodistico.com.mx\/?p=195710"},"modified":"2026-01-14T20:15:43","modified_gmt":"2026-01-15T02:15:43","slug":"fortalece-pleno-legislativo-atribuciones-de-la-diputacion-permanente","status":"publish","type":"post","link":"https:\/\/www.buroperiodistico.com.mx\/?p=195710","title":{"rendered":"Fortalece Pleno Legislativo atribuciones de la Diputaci\u00f3n Permanente"},"content":{"rendered":"<p><em><strong><img loading=\"lazy\" decoding=\"async\" class=\" wp-image-195711 alignright\" src=\"https:\/\/www.buroperiodistico.com.mx\/wp-content\/uploads\/2026\/01\/Fortax.jpeg\" alt=\"\" width=\"525\" height=\"330\" srcset=\"https:\/\/www.buroperiodistico.com.mx\/wp-content\/uploads\/2026\/01\/Fortax.jpeg 1024w, https:\/\/www.buroperiodistico.com.mx\/wp-content\/uploads\/2026\/01\/Fortax-300x189.jpeg 300w, https:\/\/www.buroperiodistico.com.mx\/wp-content\/uploads\/2026\/01\/Fortax-768x483.jpeg 768w\" sizes=\"auto, (max-width: 525px) 100vw, 525px\" \/>Cd. Victoria, Tam (14-Enero-2026).-<\/strong><\/em> Con el objetivo de fortalecer la toma de decisiones legislativas y garantizar una respuesta inmediata ante asuntos de car\u00e1cter constitucional, el Pleno Legislativo aprob\u00f3 un dictamen mediante el cual se reforman y adicionan diversas disposiciones de la Constituci\u00f3n Pol\u00edtica del Estado y de la Ley sobre la Organizaci\u00f3n y Funcionamiento Internos del Congreso.<\/p>\n<p>El dictamen deriva de la iniciativa promovida por el diputado Humberto Armando Prieto Herrera, integrante del Grupo Parlamentario de MORENA de la Legislatura 66, misma que fue estudiada y dictaminada por la Diputaci\u00f3n Permanente durante el receso legislativo.<\/p>\n<p>Durante el an\u00e1lisis del dictamen, la Diputaci\u00f3n Permanente coincidi\u00f3 en que las reformas aprobadas permitir\u00e1n al Poder Legislativo actuar con mayor eficiencia durante los periodos de receso, al facultar a este \u00f3rgano para conocer y resolver en definitiva las minutas con proyecto de decreto sobre adiciones y reformas a la Constituci\u00f3n Pol\u00edtica de los Estados Unidos Mexicanos.<\/p>\n<p>Durante su intervenci\u00f3n el diputado Alberto Moctezuma Castillo, se\u00f1al\u00f3 que este cambio representa un beneficio directo para la gobernabilidad democr\u00e1tica, al evitar retrasos en la atenci\u00f3n de asuntos de alta relevancia nacional y asegurar la continuidad del trabajo legislativo.<\/p>\n<p>Asimismo, las modificaciones fortalecen el papel del Congreso del Estado dentro del proceso de reforma constitucional federal, al permitir una participaci\u00f3n oportuna y efectiva de la Legislatura local, en concordancia con lo establecido en el art\u00edculo 135 de la Constituci\u00f3n Federal.<\/p>\n<p>De igual forma, se aprobaron reformas a la Ley sobre la Organizaci\u00f3n y Funcionamiento Internos del Congreso, orientadas a agilizar la convocatoria y celebraci\u00f3n de sesiones extraordinarias, garantizando una notificaci\u00f3n oportuna a las y los legisladores, lo que permitir\u00e1 atender con prontitud situaciones extraordinarias y responder de manera eficaz a las necesidades institucionales y sociales.<\/p>\n","protected":false},"excerpt":{"rendered":"<p>Cd. Victoria, Tam (14-Enero-2026).- Con el objetivo de fortalecer la toma de decisiones legislativas y&#8230;<\/p>\n","protected":false},"author":1,"featured_media":195711,"comment_status":"closed","ping_status":"closed","sticky":false,"template":"","format":"standard","meta":{"footnotes":"","jetpack_publicize_message":"","jetpack_publicize_feature_enabled":true,"jetpack_social_post_already_shared":true,"jetpack_social_options":{"image_generator_settings":{"template":"highway","default_image_id":0,"font":"","enabled":false},"version":2}},"categories":[17],"tags":[],"class_list":["post-195710","post","type-post","status-publish","format-standard","has-post-thumbnail","hentry","category-ciudadvictoria"],"jetpack_publicize_connections":[],"_links":{"self":[{"href":"https:\/\/www.buroperiodistico.com.mx\/index.php?rest_route=\/wp\/v2\/posts\/195710","targetHints":{"allow":["GET"]}}],"collection":[{"href":"https:\/\/www.buroperiodistico.com.mx\/index.php?rest_route=\/wp\/v2\/posts"}],"about":[{"href":"https:\/\/www.buroperiodistico.com.mx\/index.php?rest_route=\/wp\/v2\/types\/post"}],"author":[{"embeddable":true,"href":"https:\/\/www.buroperiodistico.com.mx\/index.php?rest_route=\/wp\/v2\/users\/1"}],"replies":[{"embeddable":true,"href":"https:\/\/www.buroperiodistico.com.mx\/index.php?rest_route=%2Fwp%2Fv2%2Fcomments&post=195710"}],"version-history":[{"count":1,"href":"https:\/\/www.buroperiodistico.com.mx\/index.php?rest_route=\/wp\/v2\/posts\/195710\/revisions"}],"predecessor-version":[{"id":195712,"href":"https:\/\/www.buroperiodistico.com.mx\/index.php?rest_route=\/wp\/v2\/posts\/195710\/revisions\/195712"}],"wp:featuredmedia":[{"embeddable":true,"href":"https:\/\/www.buroperiodistico.com.mx\/index.php?rest_route=\/wp\/v2\/media\/195711"}],"wp:attachment":[{"href":"https:\/\/www.buroperiodistico.com.mx\/index.php?rest_route=%2Fwp%2Fv2%2Fmedia&parent=195710"}],"wp:term":[{"taxonomy":"category","embeddable":true,"href":"https:\/\/www.buroperiodistico.com.mx\/index.php?rest_route=%2Fwp%2Fv2%2Fcategories&post=195710"},{"taxonomy":"post_tag","embeddable":true,"href":"https:\/\/www.buroperiodistico.com.mx\/index.php?rest_route=%2Fwp%2Fv2%2Ftags&post=195710"}],"curies":[{"name":"wp","href":"https:\/\/api.w.org\/{rel}","templated":true}]}}