{"id":195705,"date":"2026-01-14T20:10:41","date_gmt":"2026-01-15T02:10:41","guid":{"rendered":"https:\/\/www.buroperiodistico.com.mx\/?p=195705"},"modified":"2026-01-14T20:10:41","modified_gmt":"2026-01-15T02:10:41","slug":"pleno-legislativo-admite-renuncia-y-designa-nuevo-juez-menor-en-ciudad-victoria","status":"publish","type":"post","link":"https:\/\/www.buroperiodistico.com.mx\/?p=195705","title":{"rendered":"Pleno Legislativo admite renuncia y designa nuevo Juez Menor en Ciudad Victoria"},"content":{"rendered":"<p><em><strong><img loading=\"lazy\" decoding=\"async\" class=\" wp-image-195708 alignright\" src=\"https:\/\/www.buroperiodistico.com.mx\/wp-content\/uploads\/2026\/01\/Plenx.jpeg\" alt=\"\" width=\"533\" height=\"327\" srcset=\"https:\/\/www.buroperiodistico.com.mx\/wp-content\/uploads\/2026\/01\/Plenx.jpeg 1024w, https:\/\/www.buroperiodistico.com.mx\/wp-content\/uploads\/2026\/01\/Plenx-300x184.jpeg 300w, https:\/\/www.buroperiodistico.com.mx\/wp-content\/uploads\/2026\/01\/Plenx-768x471.jpeg 768w\" sizes=\"auto, (max-width: 533px) 100vw, 533px\" \/>Cd. Victoria, Tam (14-Enero-2026).-<\/strong><\/em> El Pleno Legislativo admiti\u00f3 la renuncia presentada por el C. Jos\u00e9 Benito Ju\u00e1rez Cruz al cargo de Juez Menor en Materia Civil y Familiar del Primer Distrito Judicial, con residencia en Ciudad Victoria, Tamaulipas.<\/p>\n<p>En la misma sesi\u00f3n, las y los diputados de la Legislatura 66 declararon factible que la designaci\u00f3n recayera en la persona del mismo g\u00e9nero que obtuvo el segundo lugar en el proceso de candidaturas, conforme a la normatividad aplicable.<\/p>\n<p>En consecuencia, se aprob\u00f3 la designaci\u00f3n del C. Misael Ascensi\u00f3n Castro Aguilar, quien habr\u00e1 de desempe\u00f1ar el cargo hasta el 30 de septiembre de 2033.<\/p>\n<p>La designaci\u00f3n y toma de protesta se realizaron durante la sesi\u00f3n extraordinaria del Congreso del Estado.<\/p>\n<p>En dicho acto, la presidenta de la Mesa Directiva, diputada Ana Laura Huerta Valdovinos, tom\u00f3 la protesta de ley al C. Misael Ascensi\u00f3n Castro Aguilar.<\/p>\n<p>Al rendir protesta, el nuevo Juez Menor se comprometi\u00f3 a guardar y hacer guardar la Constituci\u00f3n Pol\u00edtica de los Estados Unidos Mexicanos, la Constituci\u00f3n Pol\u00edtica del Estado Libre y Soberano de Tamaulipas, as\u00ed como las leyes que de ellas emanen, y a desempe\u00f1ar leal y patri\u00f3ticamente el encargo de Juez Menor en Materia Civil y Familiar del Primer Distrito Judicial, mirando en todo momento por el bien y la prosperidad del pueblo tamaulipeco.<\/p>\n<p><img loading=\"lazy\" decoding=\"async\" class=\"aligncenter size-full wp-image-195707\" src=\"https:\/\/www.buroperiodistico.com.mx\/wp-content\/uploads\/2026\/01\/Plenx-I.jpeg\" alt=\"\" width=\"640\" height=\"427\" srcset=\"https:\/\/www.buroperiodistico.com.mx\/wp-content\/uploads\/2026\/01\/Plenx-I.jpeg 640w, https:\/\/www.buroperiodistico.com.mx\/wp-content\/uploads\/2026\/01\/Plenx-I-300x200.jpeg 300w\" sizes=\"auto, (max-width: 640px) 100vw, 640px\" \/><\/p>\n","protected":false},"excerpt":{"rendered":"<p>Cd. Victoria, Tam (14-Enero-2026).- El Pleno Legislativo admiti\u00f3 la renuncia presentada por el C. Jos\u00e9&#8230;<\/p>\n","protected":false},"author":1,"featured_media":195708,"comment_status":"closed","ping_status":"closed","sticky":false,"template":"","format":"standard","meta":{"footnotes":"","jetpack_publicize_message":"","jetpack_publicize_feature_enabled":true,"jetpack_social_post_already_shared":true,"jetpack_social_options":{"image_generator_settings":{"template":"highway","default_image_id":0,"font":"","enabled":false},"version":2}},"categories":[17],"tags":[],"class_list":["post-195705","post","type-post","status-publish","format-standard","has-post-thumbnail","hentry","category-ciudadvictoria"],"jetpack_publicize_connections":[],"_links":{"self":[{"href":"https:\/\/www.buroperiodistico.com.mx\/index.php?rest_route=\/wp\/v2\/posts\/195705","targetHints":{"allow":["GET"]}}],"collection":[{"href":"https:\/\/www.buroperiodistico.com.mx\/index.php?rest_route=\/wp\/v2\/posts"}],"about":[{"href":"https:\/\/www.buroperiodistico.com.mx\/index.php?rest_route=\/wp\/v2\/types\/post"}],"author":[{"embeddable":true,"href":"https:\/\/www.buroperiodistico.com.mx\/index.php?rest_route=\/wp\/v2\/users\/1"}],"replies":[{"embeddable":true,"href":"https:\/\/www.buroperiodistico.com.mx\/index.php?rest_route=%2Fwp%2Fv2%2Fcomments&post=195705"}],"version-history":[{"count":1,"href":"https:\/\/www.buroperiodistico.com.mx\/index.php?rest_route=\/wp\/v2\/posts\/195705\/revisions"}],"predecessor-version":[{"id":195709,"href":"https:\/\/www.buroperiodistico.com.mx\/index.php?rest_route=\/wp\/v2\/posts\/195705\/revisions\/195709"}],"wp:featuredmedia":[{"embeddable":true,"href":"https:\/\/www.buroperiodistico.com.mx\/index.php?rest_route=\/wp\/v2\/media\/195708"}],"wp:attachment":[{"href":"https:\/\/www.buroperiodistico.com.mx\/index.php?rest_route=%2Fwp%2Fv2%2Fmedia&parent=195705"}],"wp:term":[{"taxonomy":"category","embeddable":true,"href":"https:\/\/www.buroperiodistico.com.mx\/index.php?rest_route=%2Fwp%2Fv2%2Fcategories&post=195705"},{"taxonomy":"post_tag","embeddable":true,"href":"https:\/\/www.buroperiodistico.com.mx\/index.php?rest_route=%2Fwp%2Fv2%2Ftags&post=195705"}],"curies":[{"name":"wp","href":"https:\/\/api.w.org\/{rel}","templated":true}]}}