{"id":195699,"date":"2026-01-14T19:56:24","date_gmt":"2026-01-15T01:56:24","guid":{"rendered":"https:\/\/www.buroperiodistico.com.mx\/?p=195699"},"modified":"2026-01-14T19:56:24","modified_gmt":"2026-01-15T01:56:24","slug":"cronicas-politicas-por-alberto-guerra-salazar-626","status":"publish","type":"post","link":"https:\/\/www.buroperiodistico.com.mx\/?p=195699","title":{"rendered":"CRONICAS POLITICAS\/ Por Alberto Guerra Salazar"},"content":{"rendered":"<p><em><strong>14 de enero 2026<\/strong><\/em><\/p>\n<p style=\"text-align: center;\"><em><strong>Puntual pago de pensiones<\/strong><\/em><\/p>\n<p>CIUDAD VICTORIA, (ASI).\u2014 El Gobernador Am\u00e9rico Villarreal Anaya les hizo ayer el d\u00eda a los trabajadores del gobierno y a los profesores sindicalizados, con la reforma a la Ley del Instituto de Previsi\u00f3n y Seguridad Social del Estado de Tamaulipas. IPSSET, pues garantiza y mejora el retiro laboral y sus jubilaciones por m\u00e1s de 25 a\u00f1os.<\/p>\n<p>\u201cSe trata de una decisi\u00f3n responsable, con una visi\u00f3n consolidada y compartida para fortalecer el fondo de pensiones por los siguientes 25 a\u00f1os, reafirmando el compromiso humanista del gobierno del Estado, con una seguridad social justa, s\u00f3lida y orientada al bienestar de quienes hoy sirven a Tamaulipas y de quienes lo har\u00e1n en el futuro\u201d, expres\u00f3 el Gobernador.<\/p>\n<p>Acompa\u00f1ado por la secretaria general del SUTSET Blanca Valles Rodr\u00edguez y por Arnulfo Rodr\u00edguez Trevi\u00f1o, dirigente de la Secci\u00f3n 30 del SNTE, el jefe del ejecutivo estatal indic\u00f3 que la reforma a la Ley del Instituto de Previsi\u00f3n y Seguridad Social responde a una decisi\u00f3n del Estado, tomada con plena conciencia de su trascendencia y con absoluto respeto a los trabajadores del servicio p\u00fablico y del magisterio.<\/p>\n<p>Dijo que la reforma cuenta con la participaci\u00f3n de las organizaciones sindicales, fue concebido como una medida preventiva, responsable y solidaria, estableciendo la ampliaci\u00f3n de los conceptos de cotizaci\u00f3n, que ahora incluyen otras prestaciones, como la despensa o adquisici\u00f3n de v\u00edveres, quinquenio, compensaci\u00f3n o gratificaci\u00f3n, as\u00ed como la aportaci\u00f3n del gobierno, a quien corresponde el mayor impacto presupuestal, ya que adem\u00e1s de aportar un incremento sobre las mismas prestaciones, aportar\u00e1 adicionalmente sobre el aguinaldo que reciben los trabajadores.<\/p>\n<p>Am\u00e9rico mencion\u00f3 que la nueva legislaci\u00f3n asegura el pago de las pensiones actuales y futuras, respeta los derechos de los pensionistas en curso de pago, garantiza los derechos adquiridos, tales como los a\u00f1os en el Fondo y la edad para acceder a una pensi\u00f3n, y asegura una transici\u00f3n ordenada y progresiva en las aportaciones de las prestaciones que se incorporan para los trabajadores en activo.<\/p>\n<p>Cambiamos de rumbo para referir que Nuevo Laredo vivi\u00f3 un momento hist\u00f3rico al convertirse en sede de la ceremonia de ordenaci\u00f3n episcopal de Monse\u00f1or Luis Carlos Lerma Mart\u00ednez, un acontecimiento sin precedentes que reuni\u00f3 a 30 obispos de diferentes partes del pa\u00eds, as\u00ed como una amplia comunidad proveniente de distintos puntos del noreste del pa\u00eds.<\/p>\n<p>Este evento de alto significado espiritual y social, en este marco, la presidenta municipal Carmen Lilia Cant\u00farosas acudi\u00f3 a la solemne ceremonia, refrendando con su presencia la relevancia institucional del acto y el compromiso de su gobierno con el respeto, la pluralidad y la vida comunitaria.<\/p>\n<p>La ceremonia se llev\u00f3 a cabo en la Catedral del Esp\u00edritu Santo, donde se congregaron cientos de familias, lideres religiosos y fieles provenientes de distintos puntos del noreste del pa\u00eds, en un encuentro sin precedentes que cont\u00f3 con la distinguida presencia de Monse\u00f1or Joseph Spiteri, nuncio apost\u00f3lico de M\u00e9xico, representante del Vaticano en el pa\u00eds.<\/p>\n<p>La alcaldesa destac\u00f3 la trascendencia del momento que vive la di\u00f3cesis y el impacto positivo que tiene para la vida p\u00fablica y social de la ciudad, subrayando el respeto institucional del gobierno municipal hacia todas las creencias y expresiones de fe.<\/p>\n<p>\u201cUsted llega hoy para convertirse en el cuarto Obispo de la Di\u00f3cesis de Nuevo Laredo, y lo hace en una etapa de gran optimismo y renovaci\u00f3n, donde su presencia viene a fortalecer el esp\u00edritu de unidad que tanto nos distingue como comunidad.<\/p>\n<p>La fe es, sin duda, un motor poderoso que mueve voluntades y transforma realidades. En el gobierno municipal que me honro en encabezar, estamos convencidos de que la promoci\u00f3n de los valores, el respeto, la solidaridad y la paz, son el camino m\u00e1s s\u00f3lido para construir la sociedad que todos anhelamos\u201d, expres\u00f3 Carmen Lilia.<\/p>\n<p>La jefa del Cabildo refrend\u00f3 la disposici\u00f3n del gobierno de Nuevo Laredo para mantener una relaci\u00f3n de colaboraci\u00f3n institucional con todas las organizaciones religiosas, siempre en un marco de respeto, pluralidad y di\u00e1logo, orientado al bienestar colectivo.<\/p>\n<p>\u201cQuiero reiterar hoy el compromiso total de esta administraci\u00f3n para coadyuvar con usted y con todos los grupos religiosos de nuestra ciudad. Nuestra meta es com\u00fan: trabajar por la cohesi\u00f3n social, por el bienestar de nuestras familias y por un Nuevo Laredo donde la armon\u00eda sea el lenguaje que nos una a todos\u201d, se\u00f1al\u00f3.<\/p>\n<p>Con su presencia en este acontecimiento, la presidenta municipal reafirma el car\u00e1cter institucional, incluyente y respetuoso de su gobierno, reconociendo el papel que las distintas expresiones de fe desempe\u00f1an en la construcci\u00f3n del tejido social y en la promoci\u00f3n de valores que fortalecen la convivencia y la paz en Nuevo Laredo.<\/p>\n<p>Correo electr\u00f3nico: albertoguerra65@hotmail,com<\/p>\n","protected":false},"excerpt":{"rendered":"<p>14 de enero 2026 Puntual pago de pensiones CIUDAD VICTORIA, (ASI).\u2014 El Gobernador Am\u00e9rico Villarreal&#8230;<\/p>\n","protected":false},"author":1,"featured_media":149413,"comment_status":"closed","ping_status":"closed","sticky":false,"template":"","format":"standard","meta":{"footnotes":"","jetpack_publicize_message":"","jetpack_publicize_feature_enabled":true,"jetpack_social_post_already_shared":true,"jetpack_social_options":{"image_generator_settings":{"template":"highway","default_image_id":0,"font":"","enabled":false},"version":2}},"categories":[23],"tags":[],"class_list":["post-195699","post","type-post","status-publish","format-standard","has-post-thumbnail","hentry","category-columnas"],"jetpack_publicize_connections":[],"_links":{"self":[{"href":"https:\/\/www.buroperiodistico.com.mx\/index.php?rest_route=\/wp\/v2\/posts\/195699","targetHints":{"allow":["GET"]}}],"collection":[{"href":"https:\/\/www.buroperiodistico.com.mx\/index.php?rest_route=\/wp\/v2\/posts"}],"about":[{"href":"https:\/\/www.buroperiodistico.com.mx\/index.php?rest_route=\/wp\/v2\/types\/post"}],"author":[{"embeddable":true,"href":"https:\/\/www.buroperiodistico.com.mx\/index.php?rest_route=\/wp\/v2\/users\/1"}],"replies":[{"embeddable":true,"href":"https:\/\/www.buroperiodistico.com.mx\/index.php?rest_route=%2Fwp%2Fv2%2Fcomments&post=195699"}],"version-history":[{"count":1,"href":"https:\/\/www.buroperiodistico.com.mx\/index.php?rest_route=\/wp\/v2\/posts\/195699\/revisions"}],"predecessor-version":[{"id":195700,"href":"https:\/\/www.buroperiodistico.com.mx\/index.php?rest_route=\/wp\/v2\/posts\/195699\/revisions\/195700"}],"wp:featuredmedia":[{"embeddable":true,"href":"https:\/\/www.buroperiodistico.com.mx\/index.php?rest_route=\/wp\/v2\/media\/149413"}],"wp:attachment":[{"href":"https:\/\/www.buroperiodistico.com.mx\/index.php?rest_route=%2Fwp%2Fv2%2Fmedia&parent=195699"}],"wp:term":[{"taxonomy":"category","embeddable":true,"href":"https:\/\/www.buroperiodistico.com.mx\/index.php?rest_route=%2Fwp%2Fv2%2Fcategories&post=195699"},{"taxonomy":"post_tag","embeddable":true,"href":"https:\/\/www.buroperiodistico.com.mx\/index.php?rest_route=%2Fwp%2Fv2%2Ftags&post=195699"}],"curies":[{"name":"wp","href":"https:\/\/api.w.org\/{rel}","templated":true}]}}