{"id":195687,"date":"2026-01-14T19:43:55","date_gmt":"2026-01-15T01:43:55","guid":{"rendered":"https:\/\/www.buroperiodistico.com.mx\/?p=195687"},"modified":"2026-01-14T19:43:55","modified_gmt":"2026-01-15T01:43:55","slug":"crece-la-fortaleza-exportadora-de-tamaulipas","status":"publish","type":"post","link":"https:\/\/www.buroperiodistico.com.mx\/?p=195687","title":{"rendered":"Crece la fortaleza exportadora de Tamaulipas"},"content":{"rendered":"<ul>\n<li><strong><em>Secretaria Ninfa Cant\u00fa destac\u00f3 que entre enero y septiembre de 2025, el estado acumul\u00f3 27,871 millones de d\u00f3lares en exportaciones<\/em><\/strong><\/li>\n<\/ul>\n<p><strong><img loading=\"lazy\" decoding=\"async\" class=\" wp-image-195689 alignright\" src=\"https:\/\/www.buroperiodistico.com.mx\/wp-content\/uploads\/2026\/01\/SECTamaulipas.jpeg\" alt=\"\" width=\"504\" height=\"335\" srcset=\"https:\/\/www.buroperiodistico.com.mx\/wp-content\/uploads\/2026\/01\/SECTamaulipas.jpeg 1024w, https:\/\/www.buroperiodistico.com.mx\/wp-content\/uploads\/2026\/01\/SECTamaulipas-300x199.jpeg 300w, https:\/\/www.buroperiodistico.com.mx\/wp-content\/uploads\/2026\/01\/SECTamaulipas-768x510.jpeg 768w\" sizes=\"auto, (max-width: 504px) 100vw, 504px\" \/>Ciudad Victoria, Tamaulipas (14-Enero-2026).-<\/strong> Como resultado del dinamismo de sectores estrat\u00e9gicos y al entorno de confianza en la econom\u00eda del estado, las exportaciones de Tamaulipas crecieron 2.1% al acumular 27,871 millones de d\u00f3lares al III Trimestre de acuerdo con informaci\u00f3n del INEGI<\/p>\n<p>Ninfa Cant\u00fa De\u00e1ndar secretaria de Econom\u00eda dio a conocer que la fortaleza exportadora del estado es resultado del compromiso de las empresas e industrias de seguir creciendo en el estado y en su gente, gracias al clima propicio para el desarrollo empresarial que promueve la administraci\u00f3n del gobernador Am\u00e9rico Villarreal.<\/p>\n<p>Destac\u00f3 que en periodo de referencia, las variaciones a la alza m\u00e1s importantes fueron la industria met\u00e1lica b\u00e1sica con un aumento del 42.6%, la fabricaci\u00f3n de maquinaria y equipo con un 14.9% y la industria del pl\u00e1stico y hule cuyas exportaciones crecieron 9.2%.<\/p>\n<p>Cant\u00fa De\u00e1ndar se\u00f1al\u00f3 que Tamaulipas destaca en el \u00e1mbito nacional como potencia exportadora en sectores como la industria qu\u00edmica donde ocupa el 4\u00b0 lugar, la fabricaci\u00f3n de accesorios, aparatos el\u00e9ctricos y equipo de generaci\u00f3n de energ\u00eda el\u00e9ctrica que ubican al estado en el 3er sitio en exportaciones. Otros rubros donde la entidad destaca son equipo de computaci\u00f3n y maquinaria y equipo.<\/p>\n<p>Con respecto a las aduanas de nuestro estado, la recaudaci\u00f3n a trav\u00e9s de sus 7 aduanas fue de 23.72% del total nacional.<\/p>\n<p><img loading=\"lazy\" decoding=\"async\" class=\"aligncenter size-full wp-image-195688\" src=\"https:\/\/www.buroperiodistico.com.mx\/wp-content\/uploads\/2026\/01\/SECTamaulipas-I.jpeg\" alt=\"\" width=\"640\" height=\"392\" srcset=\"https:\/\/www.buroperiodistico.com.mx\/wp-content\/uploads\/2026\/01\/SECTamaulipas-I.jpeg 640w, https:\/\/www.buroperiodistico.com.mx\/wp-content\/uploads\/2026\/01\/SECTamaulipas-I-300x184.jpeg 300w\" sizes=\"auto, (max-width: 640px) 100vw, 640px\" \/><\/p>\n","protected":false},"excerpt":{"rendered":"<p>Secretaria Ninfa Cant\u00fa destac\u00f3 que entre enero y septiembre de 2025, el estado acumul\u00f3 27,871&#8230;<\/p>\n","protected":false},"author":1,"featured_media":195689,"comment_status":"closed","ping_status":"closed","sticky":false,"template":"","format":"standard","meta":{"footnotes":"","jetpack_publicize_message":"","jetpack_publicize_feature_enabled":true,"jetpack_social_post_already_shared":true,"jetpack_social_options":{"image_generator_settings":{"template":"highway","default_image_id":0,"font":"","enabled":false},"version":2}},"categories":[10],"tags":[],"class_list":["post-195687","post","type-post","status-publish","format-standard","has-post-thumbnail","hentry","category-tamaulipas"],"jetpack_publicize_connections":[],"_links":{"self":[{"href":"https:\/\/www.buroperiodistico.com.mx\/index.php?rest_route=\/wp\/v2\/posts\/195687","targetHints":{"allow":["GET"]}}],"collection":[{"href":"https:\/\/www.buroperiodistico.com.mx\/index.php?rest_route=\/wp\/v2\/posts"}],"about":[{"href":"https:\/\/www.buroperiodistico.com.mx\/index.php?rest_route=\/wp\/v2\/types\/post"}],"author":[{"embeddable":true,"href":"https:\/\/www.buroperiodistico.com.mx\/index.php?rest_route=\/wp\/v2\/users\/1"}],"replies":[{"embeddable":true,"href":"https:\/\/www.buroperiodistico.com.mx\/index.php?rest_route=%2Fwp%2Fv2%2Fcomments&post=195687"}],"version-history":[{"count":1,"href":"https:\/\/www.buroperiodistico.com.mx\/index.php?rest_route=\/wp\/v2\/posts\/195687\/revisions"}],"predecessor-version":[{"id":195690,"href":"https:\/\/www.buroperiodistico.com.mx\/index.php?rest_route=\/wp\/v2\/posts\/195687\/revisions\/195690"}],"wp:featuredmedia":[{"embeddable":true,"href":"https:\/\/www.buroperiodistico.com.mx\/index.php?rest_route=\/wp\/v2\/media\/195689"}],"wp:attachment":[{"href":"https:\/\/www.buroperiodistico.com.mx\/index.php?rest_route=%2Fwp%2Fv2%2Fmedia&parent=195687"}],"wp:term":[{"taxonomy":"category","embeddable":true,"href":"https:\/\/www.buroperiodistico.com.mx\/index.php?rest_route=%2Fwp%2Fv2%2Fcategories&post=195687"},{"taxonomy":"post_tag","embeddable":true,"href":"https:\/\/www.buroperiodistico.com.mx\/index.php?rest_route=%2Fwp%2Fv2%2Ftags&post=195687"}],"curies":[{"name":"wp","href":"https:\/\/api.w.org\/{rel}","templated":true}]}}