{"id":195677,"date":"2026-01-14T17:51:47","date_gmt":"2026-01-14T23:51:47","guid":{"rendered":"https:\/\/www.buroperiodistico.com.mx\/?p=195677"},"modified":"2026-01-14T17:51:47","modified_gmt":"2026-01-14T23:51:47","slug":"culmina-con-exito-jornada-de-vacunacion-municipal-contra-covid-influenza-y-neumococo","status":"publish","type":"post","link":"https:\/\/www.buroperiodistico.com.mx\/?p=195677","title":{"rendered":"CULMINA CON \u00c9XITO JORNADA DE VACUNACI\u00d3N MUNICIPAL CONTRA COVID, INFLUENZA Y NEUMOCOCO"},"content":{"rendered":"<p dir=\"ltr\"><em><strong><img loading=\"lazy\" decoding=\"async\" class=\" wp-image-195680 alignright\" src=\"https:\/\/www.buroperiodistico.com.mx\/wp-content\/uploads\/2026\/01\/VACUNACION-1.jpg\" alt=\"\" width=\"538\" height=\"327\" srcset=\"https:\/\/www.buroperiodistico.com.mx\/wp-content\/uploads\/2026\/01\/VACUNACION-1.jpg 1024w, https:\/\/www.buroperiodistico.com.mx\/wp-content\/uploads\/2026\/01\/VACUNACION-1-300x182.jpg 300w, https:\/\/www.buroperiodistico.com.mx\/wp-content\/uploads\/2026\/01\/VACUNACION-1-768x467.jpg 768w\" sizes=\"auto, (max-width: 538px) 100vw, 538px\" \/>Nuevo Laredo, Tam (14-Enero-2026).-<\/strong><\/em> Como parte de las acciones preventivas impulsadas por el Gobierno Municipal de Nuevo Laredo para fortalecer la salud p\u00fablica, concluy\u00f3 de manera satisfactoria la jornada de vacunaci\u00f3n municipal contra COVID-19, Influenza y Neumococo, registrando una amplia participaci\u00f3n de la ciudadan\u00eda interesada en protegerse contra enfermedades respiratorias.<\/p>\n<p dir=\"ltr\">Con una positiva respuesta por parte de la poblaci\u00f3n, el Gobierno Municipal de Nuevo Laredo, a trav\u00e9s de la Secretar\u00eda de Bienestar Social, culmin\u00f3 con \u00e9xito la jornada de vacunaci\u00f3n gratuita contra COVID-19, Influenza y Neumococo, realizada con el objetivo de proteger la salud de la poblaci\u00f3n y reforzar la prevenci\u00f3n de enfermedades, principalmente respiratorias.<\/p>\n<p dir=\"ltr\">Durante esta jornada, que se llev\u00f3 a cabo en las instalaciones de la Direcci\u00f3n de Salud Municipal, ubicadas en el edificio anexo de la Presidencia Municipal, se aplicaron vacunas contra COVID-19 e Influenza, las cuales se mantuvieron vigentes para atender la demanda de la poblaci\u00f3n interesada en completar o reforzar su esquema de inmunizaci\u00f3n.<\/p>\n<p dir=\"ltr\">Carlos S\u00e1nchez, habitante de la colonia Guerrero destac\u00f3 la labor de la presidenta municipal Carmen Lilia Canturosas y su gobierno para brindar vacunas a toda la ciudadan\u00eda.<\/p>\n<p dir=\"ltr\">\u201cA mi me ha ido muy bien con la aplicaci\u00f3n de vacunas, me aplique la de la Influenza y Neumococo y ahora vine por la de COVID, no me he enfermado en esta temporada. Muchas gracias presidenta por esta facilidad\u201d.<\/p>\n<p dir=\"ltr\">Otro adulto mayor que se vacun\u00f3 fue Homero Trevi\u00f1o de la colonia Alianza, que asegura cada a\u00f1o cumple con su esquema de vacunaci\u00f3n.<\/p>\n<p dir=\"ltr\">\u201dMuy buena esta jornada de vacunaci\u00f3n, ya me vacunaron y lo hago cada a\u00f1o para estar protegido. Agradecido con la presidenta por\u00a0 cumplir con su deber y vacunarnos\u201d.<\/p>\n<p dir=\"ltr\">La campa\u00f1a incluy\u00f3 la aplicaci\u00f3n de la vacuna contra la influenza a partir de los seis meses de edad, as\u00ed como la vacuna contra el neumococo dirigida a personas mayores de 50 a\u00f1os, sectores considerados prioritarios por su vulnerabilidad ante complicaciones de salud.<\/p>\n<p dir=\"ltr\">La Secretar\u00eda de Bienestar Social destac\u00f3 la importancia de este tipo de jornadas, ya que contribuyen de manera directa a la prevenci\u00f3n de enfermedades y al fortalecimiento de la salud p\u00fablica en el municipio, al tiempo que reconoci\u00f3 la participaci\u00f3n responsable de la ciudadan\u00eda.<\/p>\n<p dir=\"ltr\">El Gobierno Municipal exhort\u00f3 a la poblaci\u00f3n a mantenerse atenta a futuras jornadas de vacunaci\u00f3n que se estar\u00e1n anunciando oportunamente, y reiter\u00f3 el llamado a la importancia de vacunarse como una de las principales medidas para cuidar la salud individual y colectiva.<\/p>\n<p dir=\"ltr\"><img loading=\"lazy\" decoding=\"async\" class=\"aligncenter size-full wp-image-195678\" src=\"https:\/\/www.buroperiodistico.com.mx\/wp-content\/uploads\/2026\/01\/VACUNACION-I-1.jpg\" alt=\"\" width=\"640\" height=\"428\" srcset=\"https:\/\/www.buroperiodistico.com.mx\/wp-content\/uploads\/2026\/01\/VACUNACION-I-1.jpg 640w, https:\/\/www.buroperiodistico.com.mx\/wp-content\/uploads\/2026\/01\/VACUNACION-I-1-300x201.jpg 300w\" sizes=\"auto, (max-width: 640px) 100vw, 640px\" \/> <img loading=\"lazy\" decoding=\"async\" class=\"aligncenter size-full wp-image-195679\" src=\"https:\/\/www.buroperiodistico.com.mx\/wp-content\/uploads\/2026\/01\/VACUNACION-II-1.jpg\" alt=\"\" width=\"640\" height=\"428\" srcset=\"https:\/\/www.buroperiodistico.com.mx\/wp-content\/uploads\/2026\/01\/VACUNACION-II-1.jpg 640w, https:\/\/www.buroperiodistico.com.mx\/wp-content\/uploads\/2026\/01\/VACUNACION-II-1-300x201.jpg 300w\" sizes=\"auto, (max-width: 640px) 100vw, 640px\" \/><\/p>\n","protected":false},"excerpt":{"rendered":"<p>Nuevo Laredo, Tam (14-Enero-2026).- Como parte de las acciones preventivas impulsadas por el Gobierno Municipal&#8230;<\/p>\n","protected":false},"author":1,"featured_media":195680,"comment_status":"closed","ping_status":"closed","sticky":false,"template":"","format":"standard","meta":{"footnotes":"","jetpack_publicize_message":"","jetpack_publicize_feature_enabled":true,"jetpack_social_post_already_shared":true,"jetpack_social_options":{"image_generator_settings":{"template":"highway","default_image_id":0,"font":"","enabled":false},"version":2}},"categories":[16],"tags":[],"class_list":["post-195677","post","type-post","status-publish","format-standard","has-post-thumbnail","hentry","category-nuevolaredo"],"jetpack_publicize_connections":[],"_links":{"self":[{"href":"https:\/\/www.buroperiodistico.com.mx\/index.php?rest_route=\/wp\/v2\/posts\/195677","targetHints":{"allow":["GET"]}}],"collection":[{"href":"https:\/\/www.buroperiodistico.com.mx\/index.php?rest_route=\/wp\/v2\/posts"}],"about":[{"href":"https:\/\/www.buroperiodistico.com.mx\/index.php?rest_route=\/wp\/v2\/types\/post"}],"author":[{"embeddable":true,"href":"https:\/\/www.buroperiodistico.com.mx\/index.php?rest_route=\/wp\/v2\/users\/1"}],"replies":[{"embeddable":true,"href":"https:\/\/www.buroperiodistico.com.mx\/index.php?rest_route=%2Fwp%2Fv2%2Fcomments&post=195677"}],"version-history":[{"count":1,"href":"https:\/\/www.buroperiodistico.com.mx\/index.php?rest_route=\/wp\/v2\/posts\/195677\/revisions"}],"predecessor-version":[{"id":195681,"href":"https:\/\/www.buroperiodistico.com.mx\/index.php?rest_route=\/wp\/v2\/posts\/195677\/revisions\/195681"}],"wp:featuredmedia":[{"embeddable":true,"href":"https:\/\/www.buroperiodistico.com.mx\/index.php?rest_route=\/wp\/v2\/media\/195680"}],"wp:attachment":[{"href":"https:\/\/www.buroperiodistico.com.mx\/index.php?rest_route=%2Fwp%2Fv2%2Fmedia&parent=195677"}],"wp:term":[{"taxonomy":"category","embeddable":true,"href":"https:\/\/www.buroperiodistico.com.mx\/index.php?rest_route=%2Fwp%2Fv2%2Fcategories&post=195677"},{"taxonomy":"post_tag","embeddable":true,"href":"https:\/\/www.buroperiodistico.com.mx\/index.php?rest_route=%2Fwp%2Fv2%2Ftags&post=195677"}],"curies":[{"name":"wp","href":"https:\/\/api.w.org\/{rel}","templated":true}]}}