{"id":195671,"date":"2026-01-14T17:44:20","date_gmt":"2026-01-14T23:44:20","guid":{"rendered":"https:\/\/www.buroperiodistico.com.mx\/?p=195671"},"modified":"2026-01-14T17:44:20","modified_gmt":"2026-01-14T23:44:20","slug":"urge-fortalecer-marco-legal-para-frenar-ola-de-robos-katalyna-mendez","status":"publish","type":"post","link":"https:\/\/www.buroperiodistico.com.mx\/?p=195671","title":{"rendered":"Urge fortalecer marco legal para frenar ola de robos: Katalyna M\u00e9ndez"},"content":{"rendered":"<p><em><strong><img loading=\"lazy\" decoding=\"async\" class=\" wp-image-195672 alignright\" src=\"https:\/\/www.buroperiodistico.com.mx\/wp-content\/uploads\/2026\/01\/Depux.jpeg\" alt=\"\" width=\"438\" height=\"278\" srcset=\"https:\/\/www.buroperiodistico.com.mx\/wp-content\/uploads\/2026\/01\/Depux.jpeg 1024w, https:\/\/www.buroperiodistico.com.mx\/wp-content\/uploads\/2026\/01\/Depux-300x190.jpeg 300w, https:\/\/www.buroperiodistico.com.mx\/wp-content\/uploads\/2026\/01\/Depux-768x488.jpeg 768w\" sizes=\"auto, (max-width: 438px) 100vw, 438px\" \/>Por Julio Manuel Loya Guzm\u00e1n.<\/strong><\/em><br \/>\n<em><strong>Cd. Victoria, Tamaulipas.-<\/strong><\/em> Ante el incremento de robos en colonias de la periferia de esta ciudad capital, la diputada local Katalyna M\u00e9ndez Cepeda advirti\u00f3 que es urgente fortalecer el marco legal y ampliar las atribuciones de la Guardia Estatal y de los municipios para frenar la reincidencia delictiva.<\/p>\n<p>En entrevista, la legisladora se\u00f1al\u00f3 que actualmente persisten lagunas jur\u00eddicas que permiten que personas detenidas por robos o faltas administrativas queden en libertad con rapidez, e incluso regresen a las mismas colonias para intimidar o tomar represalias contra quienes los denunciaron, lo que genera miedo y desalienta la participaci\u00f3n ciudadana.<\/p>\n<p>Explic\u00f3 que con la nueva Ley de Seguridad P\u00fablica se busca homologar criterios y dotar de mayor respaldo jur\u00eddico tanto a la Guardia Estatal como a las corporaciones municipales, a fin de que puedan actuar de manera inmediata y efectiva ante reportes vecinales y denuncias ciudadanas.<\/p>\n<p>M\u00e9ndez Cepeda destac\u00f3 que la instalaci\u00f3n del Consejo de Seguridad, as\u00ed como de la Mesa de Seguridad y la Mesa de Paz, permitir\u00e1 que estos esfuerzos se traduzcan en resultados concretos en el corto plazo, especialmente en la reducci\u00f3n de asaltos y robos en zonas comerciales y habitacionales de Ciudad Victoria.<\/p>\n<p>En otro tema, la diputada se pronunci\u00f3 en contra de los operativos viales y retenes instalados en las inmediaciones de hospitales y centros de salud, al considerar que pueden tener un enfoque recaudatorio.<\/p>\n<p>No obstante, respald\u00f3 la aplicaci\u00f3n de alcohol\u00edmetros, la revisi\u00f3n del uso de casco y la verificaci\u00f3n de placas, siempre que exista supervisi\u00f3n constante sobre el actuar de los elementos.<\/p>\n<p>Finalmente, reconoci\u00f3 que los operativos de alcoholimetr\u00eda han contribuido a disminuir accidentes viales y a fortalecer la vida nocturna en la capital, lo que, sumado a proyectos de reiluminaci\u00f3n y recuperaci\u00f3n de espacios p\u00fablicos como el r\u00edo San Marcos, podr\u00eda impactar positivamente en la seguridad y en la actividad econ\u00f3mica del municipio.<\/p>\n","protected":false},"excerpt":{"rendered":"<p>Por Julio Manuel Loya Guzm\u00e1n. Cd. Victoria, Tamaulipas.- Ante el incremento de robos en colonias&#8230;<\/p>\n","protected":false},"author":1,"featured_media":195672,"comment_status":"closed","ping_status":"closed","sticky":false,"template":"","format":"standard","meta":{"footnotes":"","jetpack_publicize_message":"","jetpack_publicize_feature_enabled":true,"jetpack_social_post_already_shared":true,"jetpack_social_options":{"image_generator_settings":{"template":"highway","default_image_id":0,"font":"","enabled":false},"version":2}},"categories":[17],"tags":[],"class_list":["post-195671","post","type-post","status-publish","format-standard","has-post-thumbnail","hentry","category-ciudadvictoria"],"jetpack_publicize_connections":[],"_links":{"self":[{"href":"https:\/\/www.buroperiodistico.com.mx\/index.php?rest_route=\/wp\/v2\/posts\/195671","targetHints":{"allow":["GET"]}}],"collection":[{"href":"https:\/\/www.buroperiodistico.com.mx\/index.php?rest_route=\/wp\/v2\/posts"}],"about":[{"href":"https:\/\/www.buroperiodistico.com.mx\/index.php?rest_route=\/wp\/v2\/types\/post"}],"author":[{"embeddable":true,"href":"https:\/\/www.buroperiodistico.com.mx\/index.php?rest_route=\/wp\/v2\/users\/1"}],"replies":[{"embeddable":true,"href":"https:\/\/www.buroperiodistico.com.mx\/index.php?rest_route=%2Fwp%2Fv2%2Fcomments&post=195671"}],"version-history":[{"count":1,"href":"https:\/\/www.buroperiodistico.com.mx\/index.php?rest_route=\/wp\/v2\/posts\/195671\/revisions"}],"predecessor-version":[{"id":195673,"href":"https:\/\/www.buroperiodistico.com.mx\/index.php?rest_route=\/wp\/v2\/posts\/195671\/revisions\/195673"}],"wp:featuredmedia":[{"embeddable":true,"href":"https:\/\/www.buroperiodistico.com.mx\/index.php?rest_route=\/wp\/v2\/media\/195672"}],"wp:attachment":[{"href":"https:\/\/www.buroperiodistico.com.mx\/index.php?rest_route=%2Fwp%2Fv2%2Fmedia&parent=195671"}],"wp:term":[{"taxonomy":"category","embeddable":true,"href":"https:\/\/www.buroperiodistico.com.mx\/index.php?rest_route=%2Fwp%2Fv2%2Fcategories&post=195671"},{"taxonomy":"post_tag","embeddable":true,"href":"https:\/\/www.buroperiodistico.com.mx\/index.php?rest_route=%2Fwp%2Fv2%2Ftags&post=195671"}],"curies":[{"name":"wp","href":"https:\/\/api.w.org\/{rel}","templated":true}]}}