{"id":195661,"date":"2026-01-14T17:06:19","date_gmt":"2026-01-14T23:06:19","guid":{"rendered":"https:\/\/www.buroperiodistico.com.mx\/?p=195661"},"modified":"2026-01-14T17:06:19","modified_gmt":"2026-01-14T23:06:19","slug":"pide-waldo-fernandez-a-gobierno-de-nuevo-leon-seguir-ejemplo-de-claudia-sheinbaum-no-es-momento-para-imposciones-que-afecten-al-empleo-formal-2","status":"publish","type":"post","link":"https:\/\/www.buroperiodistico.com.mx\/?p=195661","title":{"rendered":"PIDE WALDO FERN\u00c1NDEZ A GOBIERNO DE NUEVO LE\u00d3N SEGUIR EJEMPLO DE CLAUDIA SHEINBAUM; \u201cNO ES MOMENTO PARA IMPOSCIONES QUE AFECTEN AL EMPLEO FORMAL\u201d"},"content":{"rendered":"<p><em><strong><img loading=\"lazy\" decoding=\"async\" class=\" wp-image-195662 alignright\" src=\"https:\/\/www.buroperiodistico.com.mx\/wp-content\/uploads\/2026\/01\/Waldox.jpeg\" alt=\"\" width=\"593\" height=\"358\" srcset=\"https:\/\/www.buroperiodistico.com.mx\/wp-content\/uploads\/2026\/01\/Waldox.jpeg 1024w, https:\/\/www.buroperiodistico.com.mx\/wp-content\/uploads\/2026\/01\/Waldox-300x181.jpeg 300w, https:\/\/www.buroperiodistico.com.mx\/wp-content\/uploads\/2026\/01\/Waldox-768x464.jpeg 768w\" sizes=\"auto, (max-width: 593px) 100vw, 593px\" \/>Monterrey N.L. (4 de diciembre de 2025).-<\/strong><\/em>\u00a0El Senador Waldo Fern\u00e1ndez destac\u00f3 el liderazgo mostrado por la Presidenta Claudia Sheinbaum, al asegurar que el aumento al salario m\u00ednimo y la reducci\u00f3n de la jornada laboral a 40 horas son producto de un proceso de di\u00e1logo con trabajadores, empleadores, empresarios y productores.<\/p>\n<p>\u201cAyer la Presidenta Claudia Sheinbaum de nueva cuenta mostr\u00f3 su gran liderazgo, pero, sobre todo, que cuando escucha a trabajadores, a empleadores, a empresarios y a productores, se pueden lograr grandes acuerdos\u201d, se\u00f1al\u00f3 el Senador.<\/p>\n<p>Fern\u00e1ndez explic\u00f3 a partir de ello, la Presidenta logr\u00f3 mejores condiciones laborales para los trabajadores y un fortalecimiento de la econom\u00eda nacional:<br \/>\n\u201cEl d\u00eda de ayer despu\u00e9s de intensos meses de di\u00e1logo se lograron dos cosas valios\u00edsimas en el pa\u00eds: aumentar el salario m\u00ednimo y tambi\u00e9n reducir la jornada a 40 horas. En todo este proceso la Presidenta Claudia sheinbaum mostr\u00f3 que sabe escuchar\u201d.<\/p>\n<p>En contraste, el Senador lament\u00f3 que en Nuevo Le\u00f3n pase exactamente lo contrario. En estos momentos, dijo, El Gobierno de Nuevo Le\u00f3n, encabezado por Samuel Garc\u00eda, busca imponer un incremento al Impuesto sobre N\u00f3mina, sin di\u00e1logo ni acuerdos con el sector empresarial y productivo del estado.<\/p>\n<p>Esta medida, dijo, supone un gravamen regresivo que afectar\u00e1 directamente al empleo formal.<\/p>\n<p>\u201cHoy los organismos empresariales salen todos juntos a manifestar su repudio a este incremento. No es el mejor momento para este incremento, pero sobre todo, nunca va a ser un momento cuando atacamos al empleo formal\u201d afirm\u00f3.<\/p>\n<p>Finalmente, el Senador llam\u00f3 al Gobierno de Nuevo Le\u00f3n a tomar ejemplo del liderazgo de la Presidenta Sheinbaum y optar por el di\u00e1logo como herramienta para construir soluciones que fortalezcan la econom\u00eda estatal y mejoren las condiciones laborales de las y los nuevoleoneses.<\/p>\n<p>\u201cOjal\u00e1 el gobernador Samuel Garc\u00eda tome el ejemplo de la Presidenta y construya puentes con quienes generan empleo\u201d, sostuvo.<\/p>\n<p>Waldo Fern\u00e1ndez reiter\u00f3 su compromiso con la defensa del empleo formal y subray\u00f3 la importancia de que las pol\u00edticas p\u00fablicas que fortalezcan el desarrollo econ\u00f3mico de Nuevo Le\u00f3n se tomen a partir del di\u00e1logo y el consenso, no a trav\u00e9s de imposiciones.<\/p>\n","protected":false},"excerpt":{"rendered":"<p>Monterrey N.L. (4 de diciembre de 2025).-\u00a0El Senador Waldo Fern\u00e1ndez destac\u00f3 el liderazgo mostrado por&#8230;<\/p>\n","protected":false},"author":1,"featured_media":195662,"comment_status":"closed","ping_status":"closed","sticky":false,"template":"","format":"standard","meta":{"footnotes":"","jetpack_publicize_message":"","jetpack_publicize_feature_enabled":true,"jetpack_social_post_already_shared":true,"jetpack_social_options":{"image_generator_settings":{"template":"highway","default_image_id":0,"font":"","enabled":false},"version":2}},"categories":[21],"tags":[],"class_list":["post-195661","post","type-post","status-publish","format-standard","has-post-thumbnail","hentry","category-nuevoleon"],"jetpack_publicize_connections":[],"_links":{"self":[{"href":"https:\/\/www.buroperiodistico.com.mx\/index.php?rest_route=\/wp\/v2\/posts\/195661","targetHints":{"allow":["GET"]}}],"collection":[{"href":"https:\/\/www.buroperiodistico.com.mx\/index.php?rest_route=\/wp\/v2\/posts"}],"about":[{"href":"https:\/\/www.buroperiodistico.com.mx\/index.php?rest_route=\/wp\/v2\/types\/post"}],"author":[{"embeddable":true,"href":"https:\/\/www.buroperiodistico.com.mx\/index.php?rest_route=\/wp\/v2\/users\/1"}],"replies":[{"embeddable":true,"href":"https:\/\/www.buroperiodistico.com.mx\/index.php?rest_route=%2Fwp%2Fv2%2Fcomments&post=195661"}],"version-history":[{"count":1,"href":"https:\/\/www.buroperiodistico.com.mx\/index.php?rest_route=\/wp\/v2\/posts\/195661\/revisions"}],"predecessor-version":[{"id":195663,"href":"https:\/\/www.buroperiodistico.com.mx\/index.php?rest_route=\/wp\/v2\/posts\/195661\/revisions\/195663"}],"wp:featuredmedia":[{"embeddable":true,"href":"https:\/\/www.buroperiodistico.com.mx\/index.php?rest_route=\/wp\/v2\/media\/195662"}],"wp:attachment":[{"href":"https:\/\/www.buroperiodistico.com.mx\/index.php?rest_route=%2Fwp%2Fv2%2Fmedia&parent=195661"}],"wp:term":[{"taxonomy":"category","embeddable":true,"href":"https:\/\/www.buroperiodistico.com.mx\/index.php?rest_route=%2Fwp%2Fv2%2Fcategories&post=195661"},{"taxonomy":"post_tag","embeddable":true,"href":"https:\/\/www.buroperiodistico.com.mx\/index.php?rest_route=%2Fwp%2Fv2%2Ftags&post=195661"}],"curies":[{"name":"wp","href":"https:\/\/api.w.org\/{rel}","templated":true}]}}