{"id":195628,"date":"2026-01-14T16:35:00","date_gmt":"2026-01-14T22:35:00","guid":{"rendered":"https:\/\/www.buroperiodistico.com.mx\/?p=195628"},"modified":"2026-01-14T16:35:00","modified_gmt":"2026-01-14T22:35:00","slug":"incrementa-mexicana-vuelos-del-aifa-a-ciudad-victoria","status":"publish","type":"post","link":"https:\/\/www.buroperiodistico.com.mx\/?p=195628","title":{"rendered":"Incrementa Mexicana vuelos del AIFA a Ciudad Victoria"},"content":{"rendered":"<ul>\n<li><strong><em>A partir de esta semana son tres vuelos semanales, lunes, mi\u00e9rcoles y viernes consolidando esta conexi\u00f3n clave para el desarrollo<\/em><\/strong><\/li>\n<\/ul>\n<p><strong><img loading=\"lazy\" decoding=\"async\" class=\" wp-image-195630 alignright\" src=\"https:\/\/www.buroperiodistico.com.mx\/wp-content\/uploads\/2026\/01\/STUVictoria.jpeg\" alt=\"\" width=\"409\" height=\"257\" srcset=\"https:\/\/www.buroperiodistico.com.mx\/wp-content\/uploads\/2026\/01\/STUVictoria.jpeg 1024w, https:\/\/www.buroperiodistico.com.mx\/wp-content\/uploads\/2026\/01\/STUVictoria-300x188.jpeg 300w, https:\/\/www.buroperiodistico.com.mx\/wp-content\/uploads\/2026\/01\/STUVictoria-768x482.jpeg 768w\" sizes=\"auto, (max-width: 409px) 100vw, 409px\" \/>Ciudad de M\u00e9xico (14-Enero-2026).-<\/strong> En impulso a la actividad tur\u00edstica, econ\u00f3mica y social de la regi\u00f3n, Mexicana de Aviaci\u00f3n fortalece de manera significativa su conectividad con el estado de Tamaulipas mediante un importante incremento de frecuencias en la ruta estrat\u00e9gica del Aeropuerto Internacional Felipe \u00c1ngeles (AIFA) hacia Ciudad Victoria y viceversa.<\/p>\n<p>La aerol\u00ednea del Estado Mexicano ofrece a partir de esta semana, tres vuelos semanales: lunes, mi\u00e9rcoles y viernes, consolidando esta conexi\u00f3n clave para el desarrollo econ\u00f3mico, tur\u00edstico y social de la regi\u00f3n.<\/p>\n<p>Dichas acciones tienen como objetivo consolidar la conectividad a\u00e9rea entre el centro del pa\u00eds y los principales destinos tur\u00edsticos de Tamaulipas, inform\u00f3 Benjam\u00edn Hern\u00e1ndez Rodr\u00edguez, secretario de Turismo en Tamaulipas.<\/p>\n<p>Contribuyendo as\u00ed al fortalecimiento de los polos de desarrollo contemplados en el Plan Nacional de Desarrollo 2024\u20132030 del Gobierno de M\u00e9xico, as\u00ed como al impulso de la actividad tur\u00edstica, econ\u00f3mica y social de la regi\u00f3n.<\/p>\n<p>El general de grupo piloto aviador de Estado Mayor, Leobardo \u00c1vila Boj\u00f3rquez, director general de Mexicana de Aviaci\u00f3n, reiter\u00f3 la disposici\u00f3n para continuar fortaleciendo los lazos institucionales y comerciales que contribuyan al desarrollo del turismo y a la conectividad del transporte a\u00e9reo.<\/p>\n<p>\u201cReiteramos nuestro inter\u00e9s en continuar trabajando de manera coordinada con la Secretar\u00eda, a fin de generar sinergias que beneficien al turismo nacional y al posicionamiento de Tamaulipas como un destino estrat\u00e9gico para el desarrollo del pa\u00eds\u201d, concluy\u00f3.<\/p>\n<p><img loading=\"lazy\" decoding=\"async\" class=\"aligncenter size-full wp-image-195629\" src=\"https:\/\/www.buroperiodistico.com.mx\/wp-content\/uploads\/2026\/01\/STUVictoria-I.jpeg\" alt=\"\" width=\"640\" height=\"427\" srcset=\"https:\/\/www.buroperiodistico.com.mx\/wp-content\/uploads\/2026\/01\/STUVictoria-I.jpeg 640w, https:\/\/www.buroperiodistico.com.mx\/wp-content\/uploads\/2026\/01\/STUVictoria-I-300x200.jpeg 300w\" sizes=\"auto, (max-width: 640px) 100vw, 640px\" \/><\/p>\n","protected":false},"excerpt":{"rendered":"<p>A partir de esta semana son tres vuelos semanales, lunes, mi\u00e9rcoles y viernes consolidando esta&#8230;<\/p>\n","protected":false},"author":1,"featured_media":195630,"comment_status":"closed","ping_status":"closed","sticky":false,"template":"","format":"standard","meta":{"footnotes":"","jetpack_publicize_message":"","jetpack_publicize_feature_enabled":true,"jetpack_social_post_already_shared":true,"jetpack_social_options":{"image_generator_settings":{"template":"highway","default_image_id":0,"font":"","enabled":false},"version":2}},"categories":[10],"tags":[],"class_list":["post-195628","post","type-post","status-publish","format-standard","has-post-thumbnail","hentry","category-tamaulipas"],"jetpack_publicize_connections":[],"_links":{"self":[{"href":"https:\/\/www.buroperiodistico.com.mx\/index.php?rest_route=\/wp\/v2\/posts\/195628","targetHints":{"allow":["GET"]}}],"collection":[{"href":"https:\/\/www.buroperiodistico.com.mx\/index.php?rest_route=\/wp\/v2\/posts"}],"about":[{"href":"https:\/\/www.buroperiodistico.com.mx\/index.php?rest_route=\/wp\/v2\/types\/post"}],"author":[{"embeddable":true,"href":"https:\/\/www.buroperiodistico.com.mx\/index.php?rest_route=\/wp\/v2\/users\/1"}],"replies":[{"embeddable":true,"href":"https:\/\/www.buroperiodistico.com.mx\/index.php?rest_route=%2Fwp%2Fv2%2Fcomments&post=195628"}],"version-history":[{"count":1,"href":"https:\/\/www.buroperiodistico.com.mx\/index.php?rest_route=\/wp\/v2\/posts\/195628\/revisions"}],"predecessor-version":[{"id":195631,"href":"https:\/\/www.buroperiodistico.com.mx\/index.php?rest_route=\/wp\/v2\/posts\/195628\/revisions\/195631"}],"wp:featuredmedia":[{"embeddable":true,"href":"https:\/\/www.buroperiodistico.com.mx\/index.php?rest_route=\/wp\/v2\/media\/195630"}],"wp:attachment":[{"href":"https:\/\/www.buroperiodistico.com.mx\/index.php?rest_route=%2Fwp%2Fv2%2Fmedia&parent=195628"}],"wp:term":[{"taxonomy":"category","embeddable":true,"href":"https:\/\/www.buroperiodistico.com.mx\/index.php?rest_route=%2Fwp%2Fv2%2Fcategories&post=195628"},{"taxonomy":"post_tag","embeddable":true,"href":"https:\/\/www.buroperiodistico.com.mx\/index.php?rest_route=%2Fwp%2Fv2%2Ftags&post=195628"}],"curies":[{"name":"wp","href":"https:\/\/api.w.org\/{rel}","templated":true}]}}