{"id":195618,"date":"2026-01-14T16:20:23","date_gmt":"2026-01-14T22:20:23","guid":{"rendered":"https:\/\/www.buroperiodistico.com.mx\/?p=195618"},"modified":"2026-01-14T16:20:23","modified_gmt":"2026-01-14T22:20:23","slug":"inicia-cedes-nuevo-laredo-campana-para-prevenir-depresion-por-blue-monday","status":"publish","type":"post","link":"https:\/\/www.buroperiodistico.com.mx\/?p=195618","title":{"rendered":"Inicia CEDES Nuevo Laredo campa\u00f1a para prevenir depresi\u00f3n por \u201cBlue Monday\u201d"},"content":{"rendered":"<p><em><strong><img loading=\"lazy\" decoding=\"async\" class=\" wp-image-195621 alignright\" src=\"https:\/\/www.buroperiodistico.com.mx\/wp-content\/uploads\/2026\/01\/SSPBlue.jpeg\" alt=\"\" width=\"485\" height=\"304\" srcset=\"https:\/\/www.buroperiodistico.com.mx\/wp-content\/uploads\/2026\/01\/SSPBlue.jpeg 1024w, https:\/\/www.buroperiodistico.com.mx\/wp-content\/uploads\/2026\/01\/SSPBlue-300x188.jpeg 300w, https:\/\/www.buroperiodistico.com.mx\/wp-content\/uploads\/2026\/01\/SSPBlue-768x482.jpeg 768w\" sizes=\"auto, (max-width: 485px) 100vw, 485px\" \/>Nuevo Laredo, Tamaulipas (14-Enero-2026).-<\/strong><\/em> A trav\u00e9s de la difusi\u00f3n de mensajes escritos por visitantes y personal administrativo del Centro de Ejecuci\u00f3n de Sanciones (CEDES) del municipio de Nuevo Laredo, la Secretar\u00eda de Seguridad P\u00fablica de Tamaulipas (SSPT) refuerza las acciones realizadas para salvaguardar el bienestar emocional de la poblaci\u00f3n penitenciaria.<\/p>\n<p>Ante la proximidad del llamado \u201cd\u00eda m\u00e1s triste del a\u00f1o\u201d o \u201cBlue Monday\u201d, como se le conoce a nivel internacional, se realiz\u00f3 esta din\u00e1mica de sensibilizaci\u00f3n para fortalecer el acompa\u00f1amiento a quienes cumplen sanciones privativas de la libertad.<\/p>\n<p>De acuerdo con el origen de la conmemoraci\u00f3n de este d\u00eda, durante el tercer lunes de enero el sentimiento colectivo de tristeza y des\u00e1nimo incrementa debido a factores como la conclusi\u00f3n de un a\u00f1o y de las festividades de temporada y el clima invernal, entre otros.<\/p>\n<p>Los mensajes de empat\u00eda transmitidos de manera escrita complementan el trabajo realizado por la Subsecretar\u00eda de Ejecuci\u00f3n de Sanciones y Reinserci\u00f3n Social de la SSPT para fortalecer la salud mental y se suman a las actividades conmemorativas del D\u00eda Mundial de la Lucha contra la Depresi\u00f3n, celebrado cada 13 de enero.<\/p>\n<p><img loading=\"lazy\" decoding=\"async\" class=\"aligncenter size-full wp-image-195619\" src=\"https:\/\/www.buroperiodistico.com.mx\/wp-content\/uploads\/2026\/01\/SSPBlue-I.jpeg\" alt=\"\" width=\"640\" height=\"480\" srcset=\"https:\/\/www.buroperiodistico.com.mx\/wp-content\/uploads\/2026\/01\/SSPBlue-I.jpeg 640w, https:\/\/www.buroperiodistico.com.mx\/wp-content\/uploads\/2026\/01\/SSPBlue-I-300x225.jpeg 300w\" sizes=\"auto, (max-width: 640px) 100vw, 640px\" \/> <img loading=\"lazy\" decoding=\"async\" class=\"aligncenter size-full wp-image-195620\" src=\"https:\/\/www.buroperiodistico.com.mx\/wp-content\/uploads\/2026\/01\/SSPBlue-II.jpeg\" alt=\"\" width=\"640\" height=\"471\" srcset=\"https:\/\/www.buroperiodistico.com.mx\/wp-content\/uploads\/2026\/01\/SSPBlue-II.jpeg 640w, https:\/\/www.buroperiodistico.com.mx\/wp-content\/uploads\/2026\/01\/SSPBlue-II-300x221.jpeg 300w\" sizes=\"auto, (max-width: 640px) 100vw, 640px\" \/><\/p>\n","protected":false},"excerpt":{"rendered":"<p>Nuevo Laredo, Tamaulipas (14-Enero-2026).- A trav\u00e9s de la difusi\u00f3n de mensajes escritos por visitantes y&#8230;<\/p>\n","protected":false},"author":1,"featured_media":195621,"comment_status":"closed","ping_status":"closed","sticky":false,"template":"","format":"standard","meta":{"footnotes":"","jetpack_publicize_message":"","jetpack_publicize_feature_enabled":true,"jetpack_social_post_already_shared":true,"jetpack_social_options":{"image_generator_settings":{"template":"highway","default_image_id":0,"font":"","enabled":false},"version":2}},"categories":[10],"tags":[],"class_list":["post-195618","post","type-post","status-publish","format-standard","has-post-thumbnail","hentry","category-tamaulipas"],"jetpack_publicize_connections":[],"_links":{"self":[{"href":"https:\/\/www.buroperiodistico.com.mx\/index.php?rest_route=\/wp\/v2\/posts\/195618","targetHints":{"allow":["GET"]}}],"collection":[{"href":"https:\/\/www.buroperiodistico.com.mx\/index.php?rest_route=\/wp\/v2\/posts"}],"about":[{"href":"https:\/\/www.buroperiodistico.com.mx\/index.php?rest_route=\/wp\/v2\/types\/post"}],"author":[{"embeddable":true,"href":"https:\/\/www.buroperiodistico.com.mx\/index.php?rest_route=\/wp\/v2\/users\/1"}],"replies":[{"embeddable":true,"href":"https:\/\/www.buroperiodistico.com.mx\/index.php?rest_route=%2Fwp%2Fv2%2Fcomments&post=195618"}],"version-history":[{"count":1,"href":"https:\/\/www.buroperiodistico.com.mx\/index.php?rest_route=\/wp\/v2\/posts\/195618\/revisions"}],"predecessor-version":[{"id":195622,"href":"https:\/\/www.buroperiodistico.com.mx\/index.php?rest_route=\/wp\/v2\/posts\/195618\/revisions\/195622"}],"wp:featuredmedia":[{"embeddable":true,"href":"https:\/\/www.buroperiodistico.com.mx\/index.php?rest_route=\/wp\/v2\/media\/195621"}],"wp:attachment":[{"href":"https:\/\/www.buroperiodistico.com.mx\/index.php?rest_route=%2Fwp%2Fv2%2Fmedia&parent=195618"}],"wp:term":[{"taxonomy":"category","embeddable":true,"href":"https:\/\/www.buroperiodistico.com.mx\/index.php?rest_route=%2Fwp%2Fv2%2Fcategories&post=195618"},{"taxonomy":"post_tag","embeddable":true,"href":"https:\/\/www.buroperiodistico.com.mx\/index.php?rest_route=%2Fwp%2Fv2%2Ftags&post=195618"}],"curies":[{"name":"wp","href":"https:\/\/api.w.org\/{rel}","templated":true}]}}