{"id":195612,"date":"2026-01-14T16:14:34","date_gmt":"2026-01-14T22:14:34","guid":{"rendered":"https:\/\/www.buroperiodistico.com.mx\/?p=195612"},"modified":"2026-01-14T16:14:34","modified_gmt":"2026-01-14T22:14:34","slug":"reforma-a-la-ley-del-ipsset-hecho-inedito-que-garantiza-pago-de-pension-por-mas-de-25-anos-ava","status":"publish","type":"post","link":"https:\/\/www.buroperiodistico.com.mx\/?p=195612","title":{"rendered":"Reforma a la Ley del IPSSET, hecho in\u00e9dito que garantiza pago de pensi\u00f3n por m\u00e1s de 25 a\u00f1os: AVA"},"content":{"rendered":"<ul>\n<li><em><strong>Acompa\u00f1ado de l\u00edderes del magisterio y la burocracia estatal, el gobernador Am\u00e9rico Villarreal afirm\u00f3 que mejora el retiro de los trabajadores y sus jubilaciones<\/strong><\/em><\/li>\n<\/ul>\n<p><em><strong><img loading=\"lazy\" decoding=\"async\" class=\" wp-image-195616 alignright\" src=\"https:\/\/www.buroperiodistico.com.mx\/wp-content\/uploads\/2026\/01\/Reformaala.jpeg\" alt=\"\" width=\"456\" height=\"304\" srcset=\"https:\/\/www.buroperiodistico.com.mx\/wp-content\/uploads\/2026\/01\/Reformaala.jpeg 1024w, https:\/\/www.buroperiodistico.com.mx\/wp-content\/uploads\/2026\/01\/Reformaala-300x200.jpeg 300w, https:\/\/www.buroperiodistico.com.mx\/wp-content\/uploads\/2026\/01\/Reformaala-768x512.jpeg 768w\" sizes=\"auto, (max-width: 456px) 100vw, 456px\" \/>Ciudad Victoria, Tamaulipas (14-Enero-2026).-<\/strong><\/em> El gobernador Am\u00e9rico Villarreal Anaya junto con la dirigencia sindical del SUTSPET y del SNTE, afirm\u00f3 que la reforma a la Ley del IPSSET representa un hecho in\u00e9dito en la historia de la previsi\u00f3n social en Tamaulipas, ya que, por primera vez, garantiza y mejora el retiro de los trabajadores y sus jubilaciones por m\u00e1s de 25 a\u00f1os y adem\u00e1s representa la construcci\u00f3n de un modelo sostenible para las nuevas generaciones.<\/p>\n<p>\u201cSe trata de una decisi\u00f3n responsable, con una visi\u00f3n consolidada y compartida para fortalecer el fondo de pensiones por los siguientes 25 a\u00f1os, reafirmando el compromiso humanista del Gobierno del Estado con una seguridad social justa, s\u00f3lida y orientada al bienestar de quienes hoy sirven a Tamaulipas y de quienes lo har\u00e1n en el futuro\u201d, expres\u00f3 el gobernador.<\/p>\n<p>Acompa\u00f1ado por la secretaria general del SUTSPET, Blanca Valles Rodr\u00edguez y por Arnulfo Rodr\u00edguez Trevi\u00f1o, secretario general de la Secci\u00f3n 30 del SNTE, el jefe del Ejecutivo estatal indic\u00f3 que la reforma a la Ley del Instituto de Previsi\u00f3n y Seguridad Social del Estado de Tamaulipas (IPSSET) responde a una decisi\u00f3n del Estado, tomada con plena conciencia de su trascendencia y con absoluto respeto a las y los trabajadores del servicio p\u00fablico y del magisterio.<\/p>\n<p>\u201cNo se trata de una medida improvisada ni circunstancial\u201d, afirm\u00f3.<\/p>\n<p>La reforma, dijo, que cuenta con la participaci\u00f3n de las organizaciones sindicales, fue concebida como una medida preventiva, responsable y solidaria, estableciendo la ampliaci\u00f3n de los conceptos de cotizaci\u00f3n, que ahora incluyen otras prestaciones, como la despensa o adquisici\u00f3n de v\u00edveres, quinquenio, compensaci\u00f3n o gratificaci\u00f3n, as\u00ed como la aportaci\u00f3n del gobierno, a quien corresponde el mayor impacto presupuestal, ya que adem\u00e1s de aportar un incremento sobre las mismas prestaciones, aportar\u00e1 adicionalmente sobre el aguinaldo que reciben las y los trabajadores.<\/p>\n<p>El gobernador mencion\u00f3 que la nueva legislaci\u00f3n asegura el pago de las pensiones actuales y futuras, respeta los derechos de las y los pensionistas en curso de pago, garantiza los derechos adquiridos, tales como los a\u00f1os de cotizaci\u00f3n ante el fondo o la edad para acceder a una pensi\u00f3n, y asegura una transici\u00f3n ordenada y progresiva en las aportaciones de las prestaciones que se incorporan para los trabajadores en activo.<\/p>\n<p>Asimismo, contempla un incremento en las cuotas y aportaciones para el fondo de pensiones. Para las y los trabajadores actualmente en servicio, se establece la incorporaci\u00f3n gradual de las nuevas prestaciones al salario base de cotizaci\u00f3n, iniciando con un 2% y con un incremento anual progresivo hasta alcanzar el 10.5% en cinco a\u00f1os, y para la parte patronal (el gobierno), el incremento ser\u00e1 tambi\u00e9n escalonado hasta llegar al 27%.<\/p>\n<p>En el caso de las y los trabajadores de nuevo ingreso, las cuotas m\u00e1ximas se\u00f1aladas entran desde el inicio de su contrataci\u00f3n.<\/p>\n<p>Sobre la modificaci\u00f3n al n\u00famero de a\u00f1os a promediar para el salario regulador, indic\u00f3 que se mantienen los a\u00f1os a promediar de los trabajadores en activo hasta el momento de la entrada en vigor de la presente ley, y para las nuevas generaciones de trabajadores se establece en 10 a\u00f1os.<\/p>\n<p>Respecto a la edad para acceder a una pensi\u00f3n, para trabajadores activos antes de la reforma se conserva la edad establecida en la ley de 2015, y para la nueva generaci\u00f3n que ingres\u00f3 a partir del 1\u00b0 de enero de 2026 es de 65 a\u00f1os.<\/p>\n<p>En su intervenci\u00f3n, la secretaria general del SUTSPET, Blanca Guadalupe Valles Rodr\u00edguez, y el dirigente del magisterio en Tamaulipas, Arnulfo Rodr\u00edguez Trevi\u00f1o, respaldaron la reforma a la Ley del IPSSET y reconocieron el liderazgo y visi\u00f3n del gobernador Am\u00e9rico Villarreal para garantizar los derechos de las y los trabajadores, sin afectar las prestaciones y garantizar jubilaciones dignas, adem\u00e1s de que coloca a Tamaulipas como un ejemplo a nivel nacional por la suma de voluntades y permite avanzar de manera responsable y solidaria.<\/p>\n<p>En el evento acompa\u00f1aron al gobernador: H\u00e9ctor Joel Villegas Gonz\u00e1lez, secretario general de Gobierno; Luisa Eugenia Manautou Galv\u00e1n, secretaria de Administraci\u00f3n; Carlos Ir\u00e1n Ram\u00edrez Gonz\u00e1lez, secretario de Finanzas, y Sandra Ivonne Mej\u00eda B\u00e1rcena, directora general del IPSSET.<\/p>\n<p><img loading=\"lazy\" decoding=\"async\" class=\"aligncenter size-full wp-image-195613\" src=\"https:\/\/www.buroperiodistico.com.mx\/wp-content\/uploads\/2026\/01\/Reformaala-I.jpeg\" alt=\"\" width=\"640\" height=\"360\" srcset=\"https:\/\/www.buroperiodistico.com.mx\/wp-content\/uploads\/2026\/01\/Reformaala-I.jpeg 640w, https:\/\/www.buroperiodistico.com.mx\/wp-content\/uploads\/2026\/01\/Reformaala-I-300x169.jpeg 300w\" sizes=\"auto, (max-width: 640px) 100vw, 640px\" \/> <img loading=\"lazy\" decoding=\"async\" class=\"aligncenter size-full wp-image-195615\" src=\"https:\/\/www.buroperiodistico.com.mx\/wp-content\/uploads\/2026\/01\/Reformaala-III.jpeg\" alt=\"\" width=\"640\" height=\"426\" srcset=\"https:\/\/www.buroperiodistico.com.mx\/wp-content\/uploads\/2026\/01\/Reformaala-III.jpeg 640w, https:\/\/www.buroperiodistico.com.mx\/wp-content\/uploads\/2026\/01\/Reformaala-III-300x200.jpeg 300w\" sizes=\"auto, (max-width: 640px) 100vw, 640px\" \/> <img loading=\"lazy\" decoding=\"async\" class=\"aligncenter size-full wp-image-195614\" src=\"https:\/\/www.buroperiodistico.com.mx\/wp-content\/uploads\/2026\/01\/Reformaala-II.jpeg\" alt=\"\" width=\"640\" height=\"426\" srcset=\"https:\/\/www.buroperiodistico.com.mx\/wp-content\/uploads\/2026\/01\/Reformaala-II.jpeg 640w, https:\/\/www.buroperiodistico.com.mx\/wp-content\/uploads\/2026\/01\/Reformaala-II-300x200.jpeg 300w\" sizes=\"auto, (max-width: 640px) 100vw, 640px\" \/><\/p>\n","protected":false},"excerpt":{"rendered":"<p>Acompa\u00f1ado de l\u00edderes del magisterio y la burocracia estatal, el gobernador Am\u00e9rico Villarreal afirm\u00f3 que&#8230;<\/p>\n","protected":false},"author":1,"featured_media":195616,"comment_status":"closed","ping_status":"closed","sticky":false,"template":"","format":"standard","meta":{"footnotes":"","jetpack_publicize_message":"","jetpack_publicize_feature_enabled":true,"jetpack_social_post_already_shared":true,"jetpack_social_options":{"image_generator_settings":{"template":"highway","default_image_id":0,"font":"","enabled":false},"version":2}},"categories":[25,10],"tags":[],"class_list":["post-195612","post","type-post","status-publish","format-standard","has-post-thumbnail","hentry","category-portada","category-tamaulipas"],"jetpack_publicize_connections":[],"_links":{"self":[{"href":"https:\/\/www.buroperiodistico.com.mx\/index.php?rest_route=\/wp\/v2\/posts\/195612","targetHints":{"allow":["GET"]}}],"collection":[{"href":"https:\/\/www.buroperiodistico.com.mx\/index.php?rest_route=\/wp\/v2\/posts"}],"about":[{"href":"https:\/\/www.buroperiodistico.com.mx\/index.php?rest_route=\/wp\/v2\/types\/post"}],"author":[{"embeddable":true,"href":"https:\/\/www.buroperiodistico.com.mx\/index.php?rest_route=\/wp\/v2\/users\/1"}],"replies":[{"embeddable":true,"href":"https:\/\/www.buroperiodistico.com.mx\/index.php?rest_route=%2Fwp%2Fv2%2Fcomments&post=195612"}],"version-history":[{"count":1,"href":"https:\/\/www.buroperiodistico.com.mx\/index.php?rest_route=\/wp\/v2\/posts\/195612\/revisions"}],"predecessor-version":[{"id":195617,"href":"https:\/\/www.buroperiodistico.com.mx\/index.php?rest_route=\/wp\/v2\/posts\/195612\/revisions\/195617"}],"wp:featuredmedia":[{"embeddable":true,"href":"https:\/\/www.buroperiodistico.com.mx\/index.php?rest_route=\/wp\/v2\/media\/195616"}],"wp:attachment":[{"href":"https:\/\/www.buroperiodistico.com.mx\/index.php?rest_route=%2Fwp%2Fv2%2Fmedia&parent=195612"}],"wp:term":[{"taxonomy":"category","embeddable":true,"href":"https:\/\/www.buroperiodistico.com.mx\/index.php?rest_route=%2Fwp%2Fv2%2Fcategories&post=195612"},{"taxonomy":"post_tag","embeddable":true,"href":"https:\/\/www.buroperiodistico.com.mx\/index.php?rest_route=%2Fwp%2Fv2%2Ftags&post=195612"}],"curies":[{"name":"wp","href":"https:\/\/api.w.org\/{rel}","templated":true}]}}