{"id":195599,"date":"2026-01-14T16:01:40","date_gmt":"2026-01-14T22:01:40","guid":{"rendered":"https:\/\/www.buroperiodistico.com.mx\/?p=195599"},"modified":"2026-01-14T16:01:40","modified_gmt":"2026-01-14T22:01:40","slug":"dif-tamaulipas-entrega-estimulos-a-voluntarios-de-desayunos-y-comedores-comunitarios","status":"publish","type":"post","link":"https:\/\/www.buroperiodistico.com.mx\/?p=195599","title":{"rendered":"DIF Tamaulipas entrega est\u00edmulos a voluntarios de Desayunos y Comedores Comunitarios"},"content":{"rendered":"<ul>\n<li><strong><em>M\u00e1s de 9 mil 300 personas voluntarias de Desayunos Escolares y Comedores Comunitarios reciben un est\u00edmulo econ\u00f3mico por su labor solidaria en Tamaulipas<\/em><\/strong><\/li>\n<\/ul>\n<p><strong><img loading=\"lazy\" decoding=\"async\" class=\" wp-image-195605 alignright\" src=\"https:\/\/www.buroperiodistico.com.mx\/wp-content\/uploads\/2026\/01\/DIFComunitarios.jpeg\" alt=\"\" width=\"547\" height=\"355\" srcset=\"https:\/\/www.buroperiodistico.com.mx\/wp-content\/uploads\/2026\/01\/DIFComunitarios.jpeg 1024w, https:\/\/www.buroperiodistico.com.mx\/wp-content\/uploads\/2026\/01\/DIFComunitarios-300x195.jpeg 300w, https:\/\/www.buroperiodistico.com.mx\/wp-content\/uploads\/2026\/01\/DIFComunitarios-768x499.jpeg 768w\" sizes=\"auto, (max-width: 547px) 100vw, 547px\" \/>Ciudad Victoria, Tamaulipas (14-Enero-2026).-<\/strong> Con el objetivo de reconocer el esfuerzo y la labor solidaria que realizan de manera voluntaria madres y padres de familia integrantes de los Comit\u00e9s de Desayunos Escolares, as\u00ed como de los Comit\u00e9s de Comedores Comunitarios, el Sistema DIF Tamaulipas, presidido por la doctora Mar\u00eda de Villarreal, a trav\u00e9s de la Direcci\u00f3n de Programas Alimentarios, entreg\u00f3 est\u00edmulos econ\u00f3micos a m\u00e1s de 9 mil 300 personas en los 43 municipios del estado.<\/p>\n<p>Por tercer a\u00f1o consecutivo, se otorgaron cheques nominales por mil 500 pesos a cada persona voluntaria inscrita en el acta constitutiva de los programas Desayunos Escolares y Comedores Comunitarios \u201cCon Voluntad Paz y Esperanza\u201d, los cuales brindan atenci\u00f3n alimentaria a poblaci\u00f3n abierta en toda la entidad.<\/p>\n<p>Las entregas se realizan del 12 al 22 de enero del presente a\u00f1o y buscan fortalecer la participaci\u00f3n social en los proyectos impulsados por la Direcci\u00f3n de Programas Alimentarios del DIF Tamaulipas, reconociendo el compromiso de quienes dedican su tiempo y esfuerzo a favor de una mejor alimentaci\u00f3n.<\/p>\n<p>Durante la presente administraci\u00f3n, los Mensajeros de Paz han trabajado para consolidar los apoyos alimentarios dirigidos a poblaci\u00f3n de atenci\u00f3n prioritaria, promoviendo una participaci\u00f3n activa de la comunidad y respaldando a madres y padres de familia que elaboran desayunos escolares con calidad nutricia para ni\u00f1as y ni\u00f1os que cursan la educaci\u00f3n b\u00e1sica.<\/p>\n<p><img loading=\"lazy\" decoding=\"async\" class=\"aligncenter size-full wp-image-195601\" src=\"https:\/\/www.buroperiodistico.com.mx\/wp-content\/uploads\/2026\/01\/DIFComunitarios-I.jpeg\" alt=\"\" width=\"640\" height=\"427\" srcset=\"https:\/\/www.buroperiodistico.com.mx\/wp-content\/uploads\/2026\/01\/DIFComunitarios-I.jpeg 640w, https:\/\/www.buroperiodistico.com.mx\/wp-content\/uploads\/2026\/01\/DIFComunitarios-I-300x200.jpeg 300w\" sizes=\"auto, (max-width: 640px) 100vw, 640px\" \/> <img loading=\"lazy\" decoding=\"async\" class=\"aligncenter size-full wp-image-195604\" src=\"https:\/\/www.buroperiodistico.com.mx\/wp-content\/uploads\/2026\/01\/DIFComunitarios-IIII.jpeg\" alt=\"\" width=\"640\" height=\"426\" srcset=\"https:\/\/www.buroperiodistico.com.mx\/wp-content\/uploads\/2026\/01\/DIFComunitarios-IIII.jpeg 640w, https:\/\/www.buroperiodistico.com.mx\/wp-content\/uploads\/2026\/01\/DIFComunitarios-IIII-300x200.jpeg 300w\" sizes=\"auto, (max-width: 640px) 100vw, 640px\" \/> <img loading=\"lazy\" decoding=\"async\" class=\"aligncenter size-full wp-image-195603\" src=\"https:\/\/www.buroperiodistico.com.mx\/wp-content\/uploads\/2026\/01\/DIFComunitarios-III.jpeg\" alt=\"\" width=\"640\" height=\"426\" srcset=\"https:\/\/www.buroperiodistico.com.mx\/wp-content\/uploads\/2026\/01\/DIFComunitarios-III.jpeg 640w, https:\/\/www.buroperiodistico.com.mx\/wp-content\/uploads\/2026\/01\/DIFComunitarios-III-300x200.jpeg 300w\" sizes=\"auto, (max-width: 640px) 100vw, 640px\" \/> <img loading=\"lazy\" decoding=\"async\" class=\"aligncenter size-full wp-image-195602\" src=\"https:\/\/www.buroperiodistico.com.mx\/wp-content\/uploads\/2026\/01\/DIFComunitarios-II.jpeg\" alt=\"\" width=\"640\" height=\"427\" srcset=\"https:\/\/www.buroperiodistico.com.mx\/wp-content\/uploads\/2026\/01\/DIFComunitarios-II.jpeg 640w, https:\/\/www.buroperiodistico.com.mx\/wp-content\/uploads\/2026\/01\/DIFComunitarios-II-300x200.jpeg 300w\" sizes=\"auto, (max-width: 640px) 100vw, 640px\" \/><\/p>\n","protected":false},"excerpt":{"rendered":"<p>M\u00e1s de 9 mil 300 personas voluntarias de Desayunos Escolares y Comedores Comunitarios reciben un&#8230;<\/p>\n","protected":false},"author":1,"featured_media":195605,"comment_status":"closed","ping_status":"closed","sticky":false,"template":"","format":"standard","meta":{"footnotes":"","jetpack_publicize_message":"","jetpack_publicize_feature_enabled":true,"jetpack_social_post_already_shared":true,"jetpack_social_options":{"image_generator_settings":{"template":"highway","default_image_id":0,"font":"","enabled":false},"version":2}},"categories":[10],"tags":[],"class_list":["post-195599","post","type-post","status-publish","format-standard","has-post-thumbnail","hentry","category-tamaulipas"],"jetpack_publicize_connections":[],"_links":{"self":[{"href":"https:\/\/www.buroperiodistico.com.mx\/index.php?rest_route=\/wp\/v2\/posts\/195599","targetHints":{"allow":["GET"]}}],"collection":[{"href":"https:\/\/www.buroperiodistico.com.mx\/index.php?rest_route=\/wp\/v2\/posts"}],"about":[{"href":"https:\/\/www.buroperiodistico.com.mx\/index.php?rest_route=\/wp\/v2\/types\/post"}],"author":[{"embeddable":true,"href":"https:\/\/www.buroperiodistico.com.mx\/index.php?rest_route=\/wp\/v2\/users\/1"}],"replies":[{"embeddable":true,"href":"https:\/\/www.buroperiodistico.com.mx\/index.php?rest_route=%2Fwp%2Fv2%2Fcomments&post=195599"}],"version-history":[{"count":1,"href":"https:\/\/www.buroperiodistico.com.mx\/index.php?rest_route=\/wp\/v2\/posts\/195599\/revisions"}],"predecessor-version":[{"id":195606,"href":"https:\/\/www.buroperiodistico.com.mx\/index.php?rest_route=\/wp\/v2\/posts\/195599\/revisions\/195606"}],"wp:featuredmedia":[{"embeddable":true,"href":"https:\/\/www.buroperiodistico.com.mx\/index.php?rest_route=\/wp\/v2\/media\/195605"}],"wp:attachment":[{"href":"https:\/\/www.buroperiodistico.com.mx\/index.php?rest_route=%2Fwp%2Fv2%2Fmedia&parent=195599"}],"wp:term":[{"taxonomy":"category","embeddable":true,"href":"https:\/\/www.buroperiodistico.com.mx\/index.php?rest_route=%2Fwp%2Fv2%2Fcategories&post=195599"},{"taxonomy":"post_tag","embeddable":true,"href":"https:\/\/www.buroperiodistico.com.mx\/index.php?rest_route=%2Fwp%2Fv2%2Ftags&post=195599"}],"curies":[{"name":"wp","href":"https:\/\/api.w.org\/{rel}","templated":true}]}}