{"id":195594,"date":"2026-01-14T13:53:16","date_gmt":"2026-01-14T19:53:16","guid":{"rendered":"https:\/\/www.buroperiodistico.com.mx\/?p=195594"},"modified":"2026-01-14T13:53:16","modified_gmt":"2026-01-14T19:53:16","slug":"ofertaran-mas-de-mil-500-vacantes-durante-la-primera-feria-del-empleo-2026","status":"publish","type":"post","link":"https:\/\/www.buroperiodistico.com.mx\/?p=195594","title":{"rendered":"OFERTAR\u00c1N M\u00c1S DE MIL 500 VACANTES DURANTE LA PRIMERA FERIA DEL EMPLEO 2026"},"content":{"rendered":"<p><em><strong><img loading=\"lazy\" decoding=\"async\" class=\" wp-image-195597 alignright\" src=\"https:\/\/www.buroperiodistico.com.mx\/wp-content\/uploads\/2026\/01\/Nldx.jpeg\" alt=\"\" width=\"501\" height=\"310\" srcset=\"https:\/\/www.buroperiodistico.com.mx\/wp-content\/uploads\/2026\/01\/Nldx.jpeg 1024w, https:\/\/www.buroperiodistico.com.mx\/wp-content\/uploads\/2026\/01\/Nldx-300x186.jpeg 300w, https:\/\/www.buroperiodistico.com.mx\/wp-content\/uploads\/2026\/01\/Nldx-768x476.jpeg 768w\" sizes=\"auto, (max-width: 501px) 100vw, 501px\" \/>Nuevo Laredo, Tam (14-Enero-2026).-<\/strong><\/em> La Secretar\u00eda de Desarrollo Econ\u00f3mico de Nuevo Laredo inform\u00f3 que el pr\u00f3ximo mi\u00e9rcoles 21 de enero se llevar\u00e1 a cabo la Primera Feria del Empleo 2026, en el Polyforum La Fe, en un horario de 9:00 de la ma\u00f1ana a 2:00 de la tarde, donde se ofertar\u00e1n m\u00e1s de mil 500 vacantes a trav\u00e9s de 90 empresas de los sectores comercio, industria y servicios.<\/p>\n<p>La secretaria de Desarrollo Econ\u00f3mico, Lorena Cavazos Mu\u00f1oz, inform\u00f3 que esta feria forma parte de las acciones permanentes para fortalecer la vinculaci\u00f3n laboral en la ciudad y facilitar el acceso al empleo para las y los neolaredenses.<\/p>\n<p>\u201cEstamos a pocos d\u00edas de la primera feria de empleo del a\u00f1o y los invitamos a que acudan con tiempo, desde temprano, preparados con su solicitud de empleo, identificaci\u00f3n y su informaci\u00f3n general. En un solo lugar podr\u00e1n aplicar a m\u00e1s de una empresa y conocer diferentes tipos de vacantes\u201d, se\u00f1al\u00f3.<\/p>\n<p>Cavazos Mu\u00f1oz explic\u00f3 que la feria responde a una instrucci\u00f3n de la alcaldesa Carmen Lilia Canturosas Villarreal, de generar espacios donde las empresas puedan acercar sus oportunidades laborales directamente a la poblaci\u00f3n.<\/p>\n<p>Asimismo, indic\u00f3 que la Secretar\u00eda de Desarrollo Econ\u00f3mico cuenta con una base de datos inteligente que permite dar seguimiento a las personas que buscan empleo, no solo durante la feria, sino de manera permanente desde la Coordinaci\u00f3n de Empleo.<\/p>\n<p>\u201cNosotros fungimos como facilitadores; recopilamos la informaci\u00f3n de los buscadores de empleo y la vinculamos con las empresas, que son quienes realizan sus propios procesos de contrataci\u00f3n. El objetivo es mantener una vinculaci\u00f3n constante y efectiva\u201d, agreg\u00f3.<\/p>\n<p>Finalmente, destac\u00f3 que Nuevo Laredo mantiene una tendencia positiva en generaci\u00f3n de empleo, con proyectos de expansi\u00f3n y nuevas aperturas previstas para este 2026, lo que permitir\u00e1 seguir fortaleciendo la econom\u00eda local y la oferta laboral en la ciudad.<\/p>\n<p><img loading=\"lazy\" decoding=\"async\" class=\"aligncenter size-full wp-image-195595\" src=\"https:\/\/www.buroperiodistico.com.mx\/wp-content\/uploads\/2026\/01\/Nldx-I.jpeg\" alt=\"\" width=\"640\" height=\"428\" srcset=\"https:\/\/www.buroperiodistico.com.mx\/wp-content\/uploads\/2026\/01\/Nldx-I.jpeg 640w, https:\/\/www.buroperiodistico.com.mx\/wp-content\/uploads\/2026\/01\/Nldx-I-300x201.jpeg 300w\" sizes=\"auto, (max-width: 640px) 100vw, 640px\" \/> <img loading=\"lazy\" decoding=\"async\" class=\"aligncenter size-full wp-image-195596\" src=\"https:\/\/www.buroperiodistico.com.mx\/wp-content\/uploads\/2026\/01\/Nldx-II.jpeg\" alt=\"\" width=\"640\" height=\"428\" srcset=\"https:\/\/www.buroperiodistico.com.mx\/wp-content\/uploads\/2026\/01\/Nldx-II.jpeg 640w, https:\/\/www.buroperiodistico.com.mx\/wp-content\/uploads\/2026\/01\/Nldx-II-300x201.jpeg 300w\" sizes=\"auto, (max-width: 640px) 100vw, 640px\" \/><\/p>\n","protected":false},"excerpt":{"rendered":"<p>Nuevo Laredo, Tam (14-Enero-2026).- La Secretar\u00eda de Desarrollo Econ\u00f3mico de Nuevo Laredo inform\u00f3 que el&#8230;<\/p>\n","protected":false},"author":1,"featured_media":195597,"comment_status":"closed","ping_status":"closed","sticky":false,"template":"","format":"standard","meta":{"footnotes":"","jetpack_publicize_message":"","jetpack_publicize_feature_enabled":true,"jetpack_social_post_already_shared":true,"jetpack_social_options":{"image_generator_settings":{"template":"highway","default_image_id":0,"font":"","enabled":false},"version":2}},"categories":[16],"tags":[],"class_list":["post-195594","post","type-post","status-publish","format-standard","has-post-thumbnail","hentry","category-nuevolaredo"],"jetpack_publicize_connections":[],"_links":{"self":[{"href":"https:\/\/www.buroperiodistico.com.mx\/index.php?rest_route=\/wp\/v2\/posts\/195594","targetHints":{"allow":["GET"]}}],"collection":[{"href":"https:\/\/www.buroperiodistico.com.mx\/index.php?rest_route=\/wp\/v2\/posts"}],"about":[{"href":"https:\/\/www.buroperiodistico.com.mx\/index.php?rest_route=\/wp\/v2\/types\/post"}],"author":[{"embeddable":true,"href":"https:\/\/www.buroperiodistico.com.mx\/index.php?rest_route=\/wp\/v2\/users\/1"}],"replies":[{"embeddable":true,"href":"https:\/\/www.buroperiodistico.com.mx\/index.php?rest_route=%2Fwp%2Fv2%2Fcomments&post=195594"}],"version-history":[{"count":1,"href":"https:\/\/www.buroperiodistico.com.mx\/index.php?rest_route=\/wp\/v2\/posts\/195594\/revisions"}],"predecessor-version":[{"id":195598,"href":"https:\/\/www.buroperiodistico.com.mx\/index.php?rest_route=\/wp\/v2\/posts\/195594\/revisions\/195598"}],"wp:featuredmedia":[{"embeddable":true,"href":"https:\/\/www.buroperiodistico.com.mx\/index.php?rest_route=\/wp\/v2\/media\/195597"}],"wp:attachment":[{"href":"https:\/\/www.buroperiodistico.com.mx\/index.php?rest_route=%2Fwp%2Fv2%2Fmedia&parent=195594"}],"wp:term":[{"taxonomy":"category","embeddable":true,"href":"https:\/\/www.buroperiodistico.com.mx\/index.php?rest_route=%2Fwp%2Fv2%2Fcategories&post=195594"},{"taxonomy":"post_tag","embeddable":true,"href":"https:\/\/www.buroperiodistico.com.mx\/index.php?rest_route=%2Fwp%2Fv2%2Ftags&post=195594"}],"curies":[{"name":"wp","href":"https:\/\/api.w.org\/{rel}","templated":true}]}}