{"id":195589,"date":"2026-01-14T13:22:15","date_gmt":"2026-01-14T19:22:15","guid":{"rendered":"https:\/\/www.buroperiodistico.com.mx\/?p=195589"},"modified":"2026-01-14T13:22:15","modified_gmt":"2026-01-14T19:22:15","slug":"convocatorias-abiertas-para-la-olimpiada-municipal","status":"publish","type":"post","link":"https:\/\/www.buroperiodistico.com.mx\/?p=195589","title":{"rendered":"Convocatorias abiertas para la Olimpiada Municipal"},"content":{"rendered":"<p><em><strong>Reynosa, Tam (14-Enero-2026).-<\/strong><\/em> El Alcalde Carlos Pe\u00f1a Ortiz informa que contin\u00faan abiertas las convocatorias para participar en la Olimpiada Municipal del Deporte, evento que busca detectar y fortalecer el talento deportivo local rumbo a competencias de mayor nivel.<\/p>\n<p>El Gobierno Municipal invita a las y los deportistas del municipio a participar en las disciplinas de Triatl\u00f3n y Boxeo, las cuales ser\u00e1n v\u00e1lidas como proceso selectivo rumbo al Nacional CONADE.<\/p>\n<p>Instituto Municipal del Deporte facilitar\u00e1 el Centro de Alto Rendimiento donde se realizar\u00e1n las eleminatorias, para mayor informaci\u00f3n comunicarse a los tel\u00e9fonos 8999575792, 8999575797 y 8999575798.<\/p>\n<p>#ReynosaImparable<\/p>\n<p><img loading=\"lazy\" decoding=\"async\" class=\"aligncenter  wp-image-195590\" src=\"https:\/\/www.buroperiodistico.com.mx\/wp-content\/uploads\/2026\/01\/IMDx-2.jpg\" alt=\"\" width=\"834\" height=\"451\" srcset=\"https:\/\/www.buroperiodistico.com.mx\/wp-content\/uploads\/2026\/01\/IMDx-2.jpg 1110w, https:\/\/www.buroperiodistico.com.mx\/wp-content\/uploads\/2026\/01\/IMDx-2-300x162.jpg 300w, https:\/\/www.buroperiodistico.com.mx\/wp-content\/uploads\/2026\/01\/IMDx-2-1024x554.jpg 1024w, https:\/\/www.buroperiodistico.com.mx\/wp-content\/uploads\/2026\/01\/IMDx-2-768x415.jpg 768w\" sizes=\"auto, (max-width: 834px) 100vw, 834px\" \/><\/p>\n","protected":false},"excerpt":{"rendered":"<p>Reynosa, Tam (14-Enero-2026).- El Alcalde Carlos Pe\u00f1a Ortiz informa que contin\u00faan abiertas las convocatorias para&#8230;<\/p>\n","protected":false},"author":1,"featured_media":195590,"comment_status":"closed","ping_status":"closed","sticky":false,"template":"","format":"standard","meta":{"footnotes":"","jetpack_publicize_message":"","jetpack_publicize_feature_enabled":true,"jetpack_social_post_already_shared":true,"jetpack_social_options":{"image_generator_settings":{"template":"highway","default_image_id":0,"font":"","enabled":false},"version":2}},"categories":[9],"tags":[],"class_list":["post-195589","post","type-post","status-publish","format-standard","has-post-thumbnail","hentry","category-reynosa"],"jetpack_publicize_connections":[],"_links":{"self":[{"href":"https:\/\/www.buroperiodistico.com.mx\/index.php?rest_route=\/wp\/v2\/posts\/195589","targetHints":{"allow":["GET"]}}],"collection":[{"href":"https:\/\/www.buroperiodistico.com.mx\/index.php?rest_route=\/wp\/v2\/posts"}],"about":[{"href":"https:\/\/www.buroperiodistico.com.mx\/index.php?rest_route=\/wp\/v2\/types\/post"}],"author":[{"embeddable":true,"href":"https:\/\/www.buroperiodistico.com.mx\/index.php?rest_route=\/wp\/v2\/users\/1"}],"replies":[{"embeddable":true,"href":"https:\/\/www.buroperiodistico.com.mx\/index.php?rest_route=%2Fwp%2Fv2%2Fcomments&post=195589"}],"version-history":[{"count":1,"href":"https:\/\/www.buroperiodistico.com.mx\/index.php?rest_route=\/wp\/v2\/posts\/195589\/revisions"}],"predecessor-version":[{"id":195591,"href":"https:\/\/www.buroperiodistico.com.mx\/index.php?rest_route=\/wp\/v2\/posts\/195589\/revisions\/195591"}],"wp:featuredmedia":[{"embeddable":true,"href":"https:\/\/www.buroperiodistico.com.mx\/index.php?rest_route=\/wp\/v2\/media\/195590"}],"wp:attachment":[{"href":"https:\/\/www.buroperiodistico.com.mx\/index.php?rest_route=%2Fwp%2Fv2%2Fmedia&parent=195589"}],"wp:term":[{"taxonomy":"category","embeddable":true,"href":"https:\/\/www.buroperiodistico.com.mx\/index.php?rest_route=%2Fwp%2Fv2%2Fcategories&post=195589"},{"taxonomy":"post_tag","embeddable":true,"href":"https:\/\/www.buroperiodistico.com.mx\/index.php?rest_route=%2Fwp%2Fv2%2Ftags&post=195589"}],"curies":[{"name":"wp","href":"https:\/\/api.w.org\/{rel}","templated":true}]}}