{"id":195577,"date":"2026-01-14T12:23:56","date_gmt":"2026-01-14T18:23:56","guid":{"rendered":"https:\/\/www.buroperiodistico.com.mx\/?p=195577"},"modified":"2026-01-14T12:23:56","modified_gmt":"2026-01-14T18:23:56","slug":"guardia-nacional-tiene-facultades-para-revisar-al-transporte-de-combustibles-terrestre","status":"publish","type":"post","link":"https:\/\/www.buroperiodistico.com.mx\/?p=195577","title":{"rendered":"Guardia Nacional tiene facultades para revisar al transporte de combustibles terrestre"},"content":{"rendered":"<p><em><strong>Fuente: Fortuna y Poder\u00a0<\/strong><\/em><br \/>\n<em><strong><img loading=\"lazy\" decoding=\"async\" class=\" wp-image-195578 alignright\" src=\"https:\/\/www.buroperiodistico.com.mx\/wp-content\/uploads\/2026\/01\/Deomx.jpeg\" alt=\"\" width=\"402\" height=\"233\" srcset=\"https:\/\/www.buroperiodistico.com.mx\/wp-content\/uploads\/2026\/01\/Deomx.jpeg 1024w, https:\/\/www.buroperiodistico.com.mx\/wp-content\/uploads\/2026\/01\/Deomx-300x174.jpeg 300w, https:\/\/www.buroperiodistico.com.mx\/wp-content\/uploads\/2026\/01\/Deomx-768x446.jpeg 768w\" sizes=\"auto, (max-width: 402px) 100vw, 402px\" \/>Ciudad de M\u00e9xico (14 de enero de 2026).-<\/strong><\/em> La presidenta Claudia Sheinbaum inform\u00f3 que la Guardia Nacional est\u00e1 facultada para revisar camiones tanque que transporten combustibles por carretera, como parte de una estrategia para frenar el comercio de hidrocarburos de procedencia il\u00edcita y fortalecer el control sobre la distribuci\u00f3n energ\u00e9tica en el pa\u00eds.<\/p>\n<p>En su conferencia de prensa de todas las ma\u00f1anas desde Palacio Nacional, la mandataria explic\u00f3 que esta medida forma parte de un nuevo esquema de supervisi\u00f3n que permitir\u00e1 a las fuerzas de seguridad verificar que el traslado de gasolinas, di\u00e9sel, gas LP y otros combustibles cumpla con la normatividad vigente.<\/p>\n<p>Como se ha informado, las unidades de transporte deber\u00e1n portar un c\u00f3digo QR visible, el cual concentrar\u00e1 informaci\u00f3n sobre el origen, destino y caracter\u00edsticas de la carga.<\/p>\n<p>Sheinbaum Pardo coment\u00f3 que este sistema permitir\u00e1 a las autoridades corroborar en tiempo real la legalidad del combustible que circula por las carreteras del pa\u00eds, as\u00ed como detectar posibles irregularidades administrativas o fiscales relacionadas con su transporte.<\/p>\n<p>En caso de que un veh\u00edculo no tenga el c\u00f3digo QR o incumpla los lineamientos establecidos, la Guardia Nacional tendr\u00e1 la atribuci\u00f3n de detenerlo para realizar una revisi\u00f3n.<\/p>\n<p>\u201cSi por alguna raz\u00f3n no tiene el QR o no cumple con la normatividad, entonces es detenido el veh\u00edculo. Se trata de un proyecto de largo plazo que permitir\u00e1 dar continuidad al control del combustible en nuestro pa\u00eds\u201d, asegur\u00f3 la mandataria.<\/p>\n<p>De esta manera, el gobierno federal pretende combatir el comercio ilegal de combustibles, en su modalidad de robo de los ductos de Petr\u00f3leos Mexicanos (Pemex), adulteramiento o bien contrabando de combustibles extranjeros, pr\u00e1ctica conocida como \u201chuachicol fiscal\u201d, entre otras formas.<\/p>\n<p>Asimismo, la vigilancia en carreteras se encuentra vinculada con otros mecanismos de certificaci\u00f3n, geolocalizaci\u00f3n y verificaci\u00f3n de datos que comenzaron a operar desde septiembre de 2025, en coordinaci\u00f3n con instituciones del sector energ\u00e9tico.<\/p>\n<p>Claudia Sheinbaum inform\u00f3 que estas acciones ya se integran a una norma de cumplimiento obligatorio para los transportistas, lo que ha permitido observar un alto nivel de adopci\u00f3n del c\u00f3digo QR en las carreteras.<\/p>\n<p>La mandataria adelant\u00f3 que en los pr\u00f3ximos d\u00edas Pemex y la Secretar\u00eda de Energ\u00eda (Sener) dar\u00e1n a conocer los resultados obtenidos durante 2025 y presentar\u00e1n el plan de continuidad de esta pol\u00edtica, con el prop\u00f3sito de evaluar su impacto operativo y los beneficios que ha generado en el fortalecimiento del control sobre la distribuci\u00f3n de combustibles en M\u00e9xico.<\/p>\n","protected":false},"excerpt":{"rendered":"<p>Fuente: Fortuna y Poder\u00a0 Ciudad de M\u00e9xico (14 de enero de 2026).- La presidenta Claudia&#8230;<\/p>\n","protected":false},"author":1,"featured_media":195578,"comment_status":"closed","ping_status":"closed","sticky":false,"template":"","format":"standard","meta":{"footnotes":"","jetpack_publicize_message":"","jetpack_publicize_feature_enabled":true,"jetpack_social_post_already_shared":true,"jetpack_social_options":{"image_generator_settings":{"template":"highway","default_image_id":0,"font":"","enabled":false},"version":2}},"categories":[11],"tags":[],"class_list":["post-195577","post","type-post","status-publish","format-standard","has-post-thumbnail","hentry","category-nacional"],"jetpack_publicize_connections":[],"_links":{"self":[{"href":"https:\/\/www.buroperiodistico.com.mx\/index.php?rest_route=\/wp\/v2\/posts\/195577","targetHints":{"allow":["GET"]}}],"collection":[{"href":"https:\/\/www.buroperiodistico.com.mx\/index.php?rest_route=\/wp\/v2\/posts"}],"about":[{"href":"https:\/\/www.buroperiodistico.com.mx\/index.php?rest_route=\/wp\/v2\/types\/post"}],"author":[{"embeddable":true,"href":"https:\/\/www.buroperiodistico.com.mx\/index.php?rest_route=\/wp\/v2\/users\/1"}],"replies":[{"embeddable":true,"href":"https:\/\/www.buroperiodistico.com.mx\/index.php?rest_route=%2Fwp%2Fv2%2Fcomments&post=195577"}],"version-history":[{"count":1,"href":"https:\/\/www.buroperiodistico.com.mx\/index.php?rest_route=\/wp\/v2\/posts\/195577\/revisions"}],"predecessor-version":[{"id":195579,"href":"https:\/\/www.buroperiodistico.com.mx\/index.php?rest_route=\/wp\/v2\/posts\/195577\/revisions\/195579"}],"wp:featuredmedia":[{"embeddable":true,"href":"https:\/\/www.buroperiodistico.com.mx\/index.php?rest_route=\/wp\/v2\/media\/195578"}],"wp:attachment":[{"href":"https:\/\/www.buroperiodistico.com.mx\/index.php?rest_route=%2Fwp%2Fv2%2Fmedia&parent=195577"}],"wp:term":[{"taxonomy":"category","embeddable":true,"href":"https:\/\/www.buroperiodistico.com.mx\/index.php?rest_route=%2Fwp%2Fv2%2Fcategories&post=195577"},{"taxonomy":"post_tag","embeddable":true,"href":"https:\/\/www.buroperiodistico.com.mx\/index.php?rest_route=%2Fwp%2Fv2%2Ftags&post=195577"}],"curies":[{"name":"wp","href":"https:\/\/api.w.org\/{rel}","templated":true}]}}