{"id":195571,"date":"2026-01-14T12:22:34","date_gmt":"2026-01-14T18:22:34","guid":{"rendered":"https:\/\/www.buroperiodistico.com.mx\/?p=195571"},"modified":"2026-01-14T12:22:34","modified_gmt":"2026-01-14T18:22:34","slug":"abraham-rodriguez-padron-presidente-de-canaco-matamoros-es-elegido-consejero-nacional-de-la-concanaco-servytur","status":"publish","type":"post","link":"https:\/\/www.buroperiodistico.com.mx\/?p=195571","title":{"rendered":"Abraham Rodr\u00edguez Padr\u00f3n, Presidente de Canaco Matamoros, es elegido Consejero Nacional de la Concanaco Servytur"},"content":{"rendered":"<p><em><strong><img loading=\"lazy\" decoding=\"async\" class=\" wp-image-195572 alignright\" src=\"https:\/\/www.buroperiodistico.com.mx\/wp-content\/uploads\/2026\/01\/Canaxc.jpeg\" alt=\"\" width=\"427\" height=\"214\" srcset=\"https:\/\/www.buroperiodistico.com.mx\/wp-content\/uploads\/2026\/01\/Canaxc.jpeg 1024w, https:\/\/www.buroperiodistico.com.mx\/wp-content\/uploads\/2026\/01\/Canaxc-300x150.jpeg 300w, https:\/\/www.buroperiodistico.com.mx\/wp-content\/uploads\/2026\/01\/Canaxc-768x385.jpeg 768w\" sizes=\"auto, (max-width: 427px) 100vw, 427px\" \/>Ciudad de M\u00e9xico (13 de enero de 2026).-<\/strong><\/em> En el marco de la 110 Asamblea Nacional ordinaria-extraordinaria de la Confederaci\u00f3n de C\u00e1maras Nacionales de Comercio, Servicios y Turismo de M\u00e9xico (Concanaco Servytur), celebrada este d\u00eda 13 de enero de 2026 en la CDMX, el Presidente de la Canaco Matamoros, Abraham Rodr\u00edguez Padr\u00f3n, fue elegido Consejero Nacional por el Estado de Tamaulipas, consolidando as\u00ed la representaci\u00f3n y compromiso de la entidad en el m\u00e1ximo \u00f3rgano de decisi\u00f3n del comercio organizado en el pa\u00eds.<\/p>\n<p>Ante m\u00e1s de 300 asamble\u00edstas registrados en esta hist\u00f3rica reuni\u00f3n, y con la presencia del Presidente Nacional de Concanaco Servytur, Dr. Octavio de la Torre de Steffano, Rodr\u00edguez Padr\u00f3n refrend\u00f3 su compromiso de trabajar por el desarrollo del sector comercio, servicios y turismo, impulsando proyectos que fortalezcan la competitividad y el crecimiento econ\u00f3mico de Tamaulipas y de M\u00e9xico.<\/p>\n<p>El nombramiento cont\u00f3 con el respaldo de 10 asamble\u00edstas de la Canaco Matamoros, quienes fueron testigos de este importante acontecimiento que marca un nuevo cap\u00edtulo en la participaci\u00f3n activa de la c\u00e1mara local dentro de la agenda nacional.<\/p>\n<p>Palabras del nuevo Consejero Nacional<\/p>\n<p>\u201cEste nombramiento representa una gran responsabilidad y una oportunidad para seguir construyendo un sector m\u00e1s fuerte, unido y preparado para los retos del futuro. Desde Tamaulipas aportaremos nuestra visi\u00f3n y experiencia para que el comercio organizado contin\u00fae siendo motor de desarrollo y bienestar para las familias mexicanas\u201d, expres\u00f3 Rodr\u00edguez Padr\u00f3n.<\/p>\n<p><img loading=\"lazy\" decoding=\"async\" class=\"aligncenter size-full wp-image-195573\" src=\"https:\/\/www.buroperiodistico.com.mx\/wp-content\/uploads\/2026\/01\/Canaxc-I.jpeg\" alt=\"\" width=\"613\" height=\"480\" srcset=\"https:\/\/www.buroperiodistico.com.mx\/wp-content\/uploads\/2026\/01\/Canaxc-I.jpeg 613w, https:\/\/www.buroperiodistico.com.mx\/wp-content\/uploads\/2026\/01\/Canaxc-I-300x235.jpeg 300w\" sizes=\"auto, (max-width: 613px) 100vw, 613px\" \/> <img loading=\"lazy\" decoding=\"async\" class=\"aligncenter size-full wp-image-195574\" src=\"https:\/\/www.buroperiodistico.com.mx\/wp-content\/uploads\/2026\/01\/Canaxc-II.jpeg\" alt=\"\" width=\"640\" height=\"427\" srcset=\"https:\/\/www.buroperiodistico.com.mx\/wp-content\/uploads\/2026\/01\/Canaxc-II.jpeg 640w, https:\/\/www.buroperiodistico.com.mx\/wp-content\/uploads\/2026\/01\/Canaxc-II-300x200.jpeg 300w\" sizes=\"auto, (max-width: 640px) 100vw, 640px\" \/> <img loading=\"lazy\" decoding=\"async\" class=\"aligncenter size-full wp-image-195575\" src=\"https:\/\/www.buroperiodistico.com.mx\/wp-content\/uploads\/2026\/01\/Canaxc-III.jpeg\" alt=\"\" width=\"640\" height=\"427\" srcset=\"https:\/\/www.buroperiodistico.com.mx\/wp-content\/uploads\/2026\/01\/Canaxc-III.jpeg 640w, https:\/\/www.buroperiodistico.com.mx\/wp-content\/uploads\/2026\/01\/Canaxc-III-300x200.jpeg 300w\" sizes=\"auto, (max-width: 640px) 100vw, 640px\" \/><\/p>\n","protected":false},"excerpt":{"rendered":"<p>Ciudad de M\u00e9xico (13 de enero de 2026).- En el marco de la 110 Asamblea&#8230;<\/p>\n","protected":false},"author":1,"featured_media":195572,"comment_status":"closed","ping_status":"closed","sticky":false,"template":"","format":"standard","meta":{"footnotes":"","jetpack_publicize_message":"","jetpack_publicize_feature_enabled":true,"jetpack_social_post_already_shared":true,"jetpack_social_options":{"image_generator_settings":{"template":"highway","default_image_id":0,"font":"","enabled":false},"version":2}},"categories":[11],"tags":[],"class_list":["post-195571","post","type-post","status-publish","format-standard","has-post-thumbnail","hentry","category-nacional"],"jetpack_publicize_connections":[],"_links":{"self":[{"href":"https:\/\/www.buroperiodistico.com.mx\/index.php?rest_route=\/wp\/v2\/posts\/195571","targetHints":{"allow":["GET"]}}],"collection":[{"href":"https:\/\/www.buroperiodistico.com.mx\/index.php?rest_route=\/wp\/v2\/posts"}],"about":[{"href":"https:\/\/www.buroperiodistico.com.mx\/index.php?rest_route=\/wp\/v2\/types\/post"}],"author":[{"embeddable":true,"href":"https:\/\/www.buroperiodistico.com.mx\/index.php?rest_route=\/wp\/v2\/users\/1"}],"replies":[{"embeddable":true,"href":"https:\/\/www.buroperiodistico.com.mx\/index.php?rest_route=%2Fwp%2Fv2%2Fcomments&post=195571"}],"version-history":[{"count":1,"href":"https:\/\/www.buroperiodistico.com.mx\/index.php?rest_route=\/wp\/v2\/posts\/195571\/revisions"}],"predecessor-version":[{"id":195576,"href":"https:\/\/www.buroperiodistico.com.mx\/index.php?rest_route=\/wp\/v2\/posts\/195571\/revisions\/195576"}],"wp:featuredmedia":[{"embeddable":true,"href":"https:\/\/www.buroperiodistico.com.mx\/index.php?rest_route=\/wp\/v2\/media\/195572"}],"wp:attachment":[{"href":"https:\/\/www.buroperiodistico.com.mx\/index.php?rest_route=%2Fwp%2Fv2%2Fmedia&parent=195571"}],"wp:term":[{"taxonomy":"category","embeddable":true,"href":"https:\/\/www.buroperiodistico.com.mx\/index.php?rest_route=%2Fwp%2Fv2%2Fcategories&post=195571"},{"taxonomy":"post_tag","embeddable":true,"href":"https:\/\/www.buroperiodistico.com.mx\/index.php?rest_route=%2Fwp%2Fv2%2Ftags&post=195571"}],"curies":[{"name":"wp","href":"https:\/\/api.w.org\/{rel}","templated":true}]}}