{"id":195567,"date":"2026-01-14T12:18:45","date_gmt":"2026-01-14T18:18:45","guid":{"rendered":"https:\/\/www.buroperiodistico.com.mx\/?p=195567"},"modified":"2026-01-14T12:18:45","modified_gmt":"2026-01-14T18:18:45","slug":"brinda-cri-reynosa-terapias-para-la-rehabilitacion-de-articulaciones-pequenas","status":"publish","type":"post","link":"https:\/\/www.buroperiodistico.com.mx\/?p=195567","title":{"rendered":"Brinda CRI Reynosa terapias para la rehabilitaci\u00f3n de articulaciones peque\u00f1as"},"content":{"rendered":"<ul>\n<li><strong><em>Ofrece DIF Municipal todo el apoyo a familias.<\/em><\/strong><\/li>\n<\/ul>\n<p><strong><img loading=\"lazy\" decoding=\"async\" class=\" wp-image-195568 alignright\" src=\"https:\/\/www.buroperiodistico.com.mx\/wp-content\/uploads\/2026\/01\/Crix.jpg\" alt=\"\" width=\"475\" height=\"257\" srcset=\"https:\/\/www.buroperiodistico.com.mx\/wp-content\/uploads\/2026\/01\/Crix.jpg 1110w, https:\/\/www.buroperiodistico.com.mx\/wp-content\/uploads\/2026\/01\/Crix-300x162.jpg 300w, https:\/\/www.buroperiodistico.com.mx\/wp-content\/uploads\/2026\/01\/Crix-1024x554.jpg 1024w, https:\/\/www.buroperiodistico.com.mx\/wp-content\/uploads\/2026\/01\/Crix-768x415.jpg 768w\" sizes=\"auto, (max-width: 475px) 100vw, 475px\" \/>Reynosa, Tam (14-Enero-2026).-<\/strong> Con apoyo del Alcalde, Carlos Pe\u00f1a Ortiz, el Sistema DIF-Reynosa que preside Carlos Luis Pe\u00f1a Garza, ofrece atenci\u00f3n en el \u00e1rea de articulaciones peque\u00f1as a trav\u00e9s del Centro de Rehabilitaci\u00f3n Integral, con terapias enfocadas en hombro, codo, mano y par\u00e1lisis facial, dirigidas a personas que presentan diversas lesiones, secuelas neurol\u00f3gicas y padecimientos que afectan su movilidad y calidad de vida.<\/p>\n<p>Entre los servicios que se atienden se encuentran fracturas de clav\u00edcula, secuelas de evento vascular cerebral y traumatismo craneoencef\u00e1lico, lesiones de hombro como manguito rotador, luxaciones y dolor cr\u00f3nico, adem\u00e1s, lesiones de codo como fracturas, epicondilitis y lesiones en la mano que incluyen fracturas, esguinces, s\u00edndrome del t\u00fanel del carpo, lesiones nerviosas y m\u00e1s.<\/p>\n<p>Las instalaciones del CRI Reynosa, se ubican en bulevar Luis Echeverr\u00eda n\u00famero 810, colonia Aquiles Serd\u00e1n, con horario de atenci\u00f3n de lunes a viernes de 8:00 de la ma\u00f1ana a 7:00 de la tarde: para mayor informaci\u00f3n las personas interesadas pueden comunicarse al tel\u00e9fono 8999221178.<\/p>\n<div style=\"width: 640px;\" class=\"wp-video\"><video class=\"wp-video-shortcode\" id=\"video-195567-1\" width=\"640\" height=\"1138\" preload=\"metadata\" controls=\"controls\"><source type=\"video\/mp4\" src=\"https:\/\/www.buroperiodistico.com.mx\/wp-content\/uploads\/2026\/01\/WhatsApp-Video-2026-01-14-at-11.43.02-AM.mp4?_=1\" \/><a href=\"https:\/\/www.buroperiodistico.com.mx\/wp-content\/uploads\/2026\/01\/WhatsApp-Video-2026-01-14-at-11.43.02-AM.mp4\">https:\/\/www.buroperiodistico.com.mx\/wp-content\/uploads\/2026\/01\/WhatsApp-Video-2026-01-14-at-11.43.02-AM.mp4<\/a><\/video><\/div>\n","protected":false},"excerpt":{"rendered":"<p>Ofrece DIF Municipal todo el apoyo a familias. Reynosa, Tam (14-Enero-2026).- Con apoyo del Alcalde,&#8230;<\/p>\n","protected":false},"author":1,"featured_media":195568,"comment_status":"closed","ping_status":"closed","sticky":false,"template":"","format":"standard","meta":{"footnotes":"","jetpack_publicize_message":"","jetpack_publicize_feature_enabled":true,"jetpack_social_post_already_shared":true,"jetpack_social_options":{"image_generator_settings":{"template":"highway","default_image_id":0,"font":"","enabled":false},"version":2}},"categories":[9],"tags":[],"class_list":["post-195567","post","type-post","status-publish","format-standard","has-post-thumbnail","hentry","category-reynosa"],"jetpack_publicize_connections":[],"_links":{"self":[{"href":"https:\/\/www.buroperiodistico.com.mx\/index.php?rest_route=\/wp\/v2\/posts\/195567","targetHints":{"allow":["GET"]}}],"collection":[{"href":"https:\/\/www.buroperiodistico.com.mx\/index.php?rest_route=\/wp\/v2\/posts"}],"about":[{"href":"https:\/\/www.buroperiodistico.com.mx\/index.php?rest_route=\/wp\/v2\/types\/post"}],"author":[{"embeddable":true,"href":"https:\/\/www.buroperiodistico.com.mx\/index.php?rest_route=\/wp\/v2\/users\/1"}],"replies":[{"embeddable":true,"href":"https:\/\/www.buroperiodistico.com.mx\/index.php?rest_route=%2Fwp%2Fv2%2Fcomments&post=195567"}],"version-history":[{"count":1,"href":"https:\/\/www.buroperiodistico.com.mx\/index.php?rest_route=\/wp\/v2\/posts\/195567\/revisions"}],"predecessor-version":[{"id":195570,"href":"https:\/\/www.buroperiodistico.com.mx\/index.php?rest_route=\/wp\/v2\/posts\/195567\/revisions\/195570"}],"wp:featuredmedia":[{"embeddable":true,"href":"https:\/\/www.buroperiodistico.com.mx\/index.php?rest_route=\/wp\/v2\/media\/195568"}],"wp:attachment":[{"href":"https:\/\/www.buroperiodistico.com.mx\/index.php?rest_route=%2Fwp%2Fv2%2Fmedia&parent=195567"}],"wp:term":[{"taxonomy":"category","embeddable":true,"href":"https:\/\/www.buroperiodistico.com.mx\/index.php?rest_route=%2Fwp%2Fv2%2Fcategories&post=195567"},{"taxonomy":"post_tag","embeddable":true,"href":"https:\/\/www.buroperiodistico.com.mx\/index.php?rest_route=%2Fwp%2Fv2%2Ftags&post=195567"}],"curies":[{"name":"wp","href":"https:\/\/api.w.org\/{rel}","templated":true}]}}